{"id":5500,"date":"2026-04-17T13:50:54","date_gmt":"2026-04-17T11:50:54","guid":{"rendered":"https:\/\/reciclatuspilas.com\/unapiladerazones\/?p=5500"},"modified":"2026-04-17T13:50:55","modified_gmt":"2026-04-17T11:50:55","slug":"la-campana-una-pila-de-razones-clausura-en-jaen-su-segunda-edicion-con-el-objetivo-de-concienciar-sobre-la-importancia-del-reciclaje-de-los-residuos-de-pilas-y-acumuladores","status":"publish","type":"post","link":"https:\/\/reciclatuspilas.com\/unapiladerazones\/actualidad\/la-campana-una-pila-de-razones-clausura-en-jaen-su-segunda-edicion-con-el-objetivo-de-concienciar-sobre-la-importancia-del-reciclaje-de-los-residuos-de-pilas-y-acumuladores\/","title":{"rendered":"La campa\u00f1a \u2018Una Pila de Razones\u2019 clausura en Ja\u00e9n su segunda edici\u00f3n con el objetivo de concienciar sobre la importancia del reciclaje de los residuos de pilas y acumuladores"},"content":{"rendered":"\n<p><br>a campa\u00f1a \u2018Una Pila de Razones\u2019 ha clausurado hoy su segunda edici\u00f3n en Ja\u00e9n. El acto se ha presentado hoy en la capital jiennense con la presencia de Jos\u00e9 Mar\u00eda Cano, concejal delegado de Medio Ambiente, Patrimonio y Responsabilidad Patrimonial del Ayuntamiento de Ja\u00e9n, y Julio Lema, director de Marketing de Recyclia.<\/p>\n\n\n\n<figure class=\"wp-block-image size-large\"><img loading=\"lazy\" decoding=\"async\" width=\"1200\" height=\"800\" src=\"https:\/\/reciclatuspilas.com\/unapiladerazones\/wp-content\/uploads\/2026\/04\/Foto-Clausura-UPDR-17.04-1-1200x800.jpeg\" alt=\"\" class=\"wp-image-5501\" srcset=\"https:\/\/reciclatuspilas.com\/unapiladerazones\/wp-content\/uploads\/2026\/04\/Foto-Clausura-UPDR-17.04-1-1200x800.jpeg 1200w, https:\/\/reciclatuspilas.com\/unapiladerazones\/wp-content\/uploads\/2026\/04\/Foto-Clausura-UPDR-17.04-1-960x640.jpeg 960w, https:\/\/reciclatuspilas.com\/unapiladerazones\/wp-content\/uploads\/2026\/04\/Foto-Clausura-UPDR-17.04-1-768x512.jpeg 768w, https:\/\/reciclatuspilas.com\/unapiladerazones\/wp-content\/uploads\/2026\/04\/Foto-Clausura-UPDR-17.04-1-1536x1023.jpeg 1536w, https:\/\/reciclatuspilas.com\/unapiladerazones\/wp-content\/uploads\/2026\/04\/Foto-Clausura-UPDR-17.04-1-600x400.jpeg 600w, https:\/\/reciclatuspilas.com\/unapiladerazones\/wp-content\/uploads\/2026\/04\/Foto-Clausura-UPDR-17.04-1.jpeg 1600w\" sizes=\"auto, (max-width: 1200px) 100vw, 1200px\" \/><\/figure>\n\n\n\n<p>Adem\u00e1s, dos informadores ambientales han estado durante toda la ma\u00f1ana situados en la Plaza de San Francisco con un stand informativo para concienciar a los vecinos sobre la importancia de la correcta gesti\u00f3n de este tipo de residuos. Tambi\u00e9n han informado sobre los lugares habilitados para depositar los residuos de pilas y acumuladores cuando quedan en desuso, evitando, as\u00ed, su acumulaci\u00f3n en los hogares. Esto contribuye a impulsar el modelo de Econom\u00eda Circular y el reaprovechamiento de materias primas.<\/p>\n\n\n\n<p>Jos\u00e9 Mar\u00eda Cano ha incidido en que \u201ces una campa\u00f1a bastante importante porque hay que reciclar. Se recuperan muchos materiales que son muy dif\u00edciles de encontrar en la naturaleza.\u201d En este sentido, el concejal jienense ha dado \u201cla enhorabuena por esta campa\u00f1a que ha durado seis meses y que esperemos que el a\u00f1o que viene regrese otra vez.\u201d, al tiempo que ha se\u00f1alado que este tipo de iniciativas \u201csiempre tienen las puertas abiertas de nuestros espacios p\u00fablicos\u201d.<\/p>\n\n\n\n<p>Por su parte, Julio Lema ha apuntado que \u201cestamos muy satisfechos con los resultados de la campa\u00f1a. Hemos cumplido perfectamente los objetivos que nos marcamos hace seis meses, cuando empez\u00f3 Una Pila de Razones.\u201d Adem\u00e1s, ha destacado la visita a \u201cm\u00e1s de 160 localidades en Andaluc\u00eda, que representan aproximadamente el 80% de la poblaci\u00f3n. No solo eso, sino que se han desarrollado acciones informativas con carpas que han estado por la ma\u00f1ana y por la tarde\u201d. As\u00ed mismo, Lema ha incidido en la importancia de todas las acciones que han tenido lugar en las universidades p\u00fablicas de Andaluc\u00eda.<\/p>\n\n\n\n<p>La campa\u00f1a se ha desarrollado a lo largo de toda Andaluc\u00eda desde el pasado 30 de octubre de 2025 y concluye en la jornada de hoy. En su segunda edici\u00f3n, esta campa\u00f1a ha llegado a 240 municipios incluyendo todas las localidades firmantes del Convenio Marco sobre el reciclaje de Residuos de Pilas y Acumuladores.<\/p>\n\n\n\n<p>La campa\u00f1a, que tambi\u00e9n ha estado presente en las 9 universidades p\u00fablicas andaluzas a trav\u00e9s de visitas en sus campus universitarios, ha llevado a cabo m\u00e1s de 530 acciones de streetmarketing para dar a conocer las ventajas medioambientales, sociales y econ\u00f3micas de la correcta gesti\u00f3n de este tipo de residuos. Adem\u00e1s, la iniciativa ha contado con jornadas informativas en todas las capitales de provincia andaluzas dirigidas a t\u00e9cnicos municipales y supramunicipales dedicados a la gesti\u00f3n medioambiental o de residuos.<\/p>\n\n\n\n<p>\u2018Una Pila de Razones\u2019 est\u00e1 promovida por la <strong>Consejer\u00eda de Sostenibilidad y Medio Ambiente de la Junta de Andaluc\u00eda <\/strong>y la <strong>Federaci\u00f3n Andaluza de Municipios y Provincias (FAMP)<\/strong> con el apoyo de los Sistemas Colectivos de Responsabilidad Ampliada del Productor (SCRAP) que operan en la comunidad aut\u00f3noma, <strong>Ecopilas, European Recycling Platform Espa\u00f1a y Ecolec.<\/strong><\/p>\n","protected":false},"excerpt":{"rendered":"<p>a campa\u00f1a \u2018Una Pila de Razones\u2019 ha clausurado hoy su segunda edici\u00f3n en Ja\u00e9n. El acto se ha presentado hoy en la capital jiennense con la presencia de Jos\u00e9 Mar\u00eda [&hellip;]<\/p>\n","protected":false},"author":1,"featured_media":5501,"comment_status":"closed","ping_status":"closed","sticky":false,"template":"","format":"standard","meta":{"_genesis_hide_title":false,"_genesis_hide_breadcrumbs":false,"_genesis_hide_singular_image":false,"_genesis_hide_footer_widgets":false,"_genesis_custom_body_class":"","_genesis_custom_post_class":"","_genesis_layout":"","_EventAllDay":false,"_EventTimezone":"","_EventStartDate":"","_EventEndDate":"","_EventStartDateUTC":"","_EventEndDateUTC":"","_EventShowMap":false,"_EventShowMapLink":false,"_EventURL":"","_EventCost":"","_EventCostDescription":"","_EventCurrencySymbol":"","_EventCurrencyCode":"","_EventCurrencyPosition":"","_EventDateTimeSeparator":"","_EventTimeRangeSeparator":"","_EventOrganizerID":[],"_EventVenueID":[],"_OrganizerEmail":"","_OrganizerPhone":"","_OrganizerWebsite":"","_VenueAddress":"","_VenueCity":"","_VenueCountry":"","_VenueProvince":"","_VenueState":"","_VenueZip":"","_VenuePhone":"","_VenueURL":"","_VenueStateProvince":"","_VenueLat":"","_VenueLng":"","_VenueShowMap":false,"_VenueShowMapLink":false,"footnotes":""},"categories":[5],"tags":[10,14,13,16,15],"class_list":["post-5500","post","type-post","status-publish","format-standard","has-post-thumbnail","category-actualidad","tag-reciclaje","tag-reciclaje-de-pilas","tag-reciclajepilas","tag-reclicaje-baterias","tag-una-pila-de-razones","entry","one-third"],"yoast_head":"<!-- This site is optimized with the Yoast SEO plugin v26.2 - https:\/\/yoast.com\/wordpress\/plugins\/seo\/ -->\n<title>La campa\u00f1a \u2018Una Pila de Razones\u2019 clausura en Ja\u00e9n su segunda edici\u00f3n con el objetivo de concienciar sobre la importancia del reciclaje de los residuos de pilas y acumuladores - Una Pila de Razones<\/title>\n<meta name=\"robots\" content=\"index, follow, max-snippet:-1, max-image-preview:large, max-video-preview:-1\" \/>\n<link rel=\"canonical\" href=\"https:\/\/reciclatuspilas.com\/unapiladerazones\/actualidad\/la-campana-una-pila-de-razones-clausura-en-jaen-su-segunda-edicion-con-el-objetivo-de-concienciar-sobre-la-importancia-del-reciclaje-de-los-residuos-de-pilas-y-acumuladores\/\" \/>\n<meta property=\"og:locale\" content=\"es_ES\" \/>\n<meta property=\"og:type\" content=\"article\" \/>\n<meta property=\"og:title\" content=\"La campa\u00f1a \u2018Una Pila de Razones\u2019 clausura en Ja\u00e9n su segunda edici\u00f3n con el objetivo de concienciar sobre la importancia del reciclaje de los residuos de pilas y acumuladores - Una Pila de Razones\" \/>\n<meta property=\"og:description\" content=\"a campa\u00f1a \u2018Una Pila de Razones\u2019 ha clausurado hoy su segunda edici\u00f3n en Ja\u00e9n. El acto se ha presentado hoy en la capital jiennense con la presencia de Jos\u00e9 Mar\u00eda [&hellip;]\" \/>\n<meta property=\"og:url\" content=\"https:\/\/reciclatuspilas.com\/unapiladerazones\/actualidad\/la-campana-una-pila-de-razones-clausura-en-jaen-su-segunda-edicion-con-el-objetivo-de-concienciar-sobre-la-importancia-del-reciclaje-de-los-residuos-de-pilas-y-acumuladores\/\" \/>\n<meta property=\"og:site_name\" content=\"Una Pila de Razones\" \/>\n<meta property=\"article:publisher\" content=\"https:\/\/www.facebook.com\/ReciclatuspilasAndalucia\" \/>\n<meta property=\"article:published_time\" content=\"2026-04-17T11:50:54+00:00\" \/>\n<meta property=\"article:modified_time\" content=\"2026-04-17T11:50:55+00:00\" \/>\n<meta property=\"og:image\" content=\"https:\/\/reciclatuspilas.com\/unapiladerazones\/wp-content\/uploads\/2026\/04\/Foto-Clausura-UPDR-17.04-1.jpeg\" \/>\n\t<meta property=\"og:image:width\" content=\"1600\" \/>\n\t<meta property=\"og:image:height\" content=\"1066\" \/>\n\t<meta property=\"og:image:type\" content=\"image\/jpeg\" \/>\n<meta name=\"author\" content=\"Administrador\" \/>\n<meta name=\"twitter:card\" content=\"summary_large_image\" \/>\n<meta name=\"twitter:creator\" content=\"@ReciclaPilasAnd\" \/>\n<meta name=\"twitter:site\" content=\"@ReciclaPilasAnd\" \/>\n<meta name=\"twitter:label1\" content=\"Escrito por\" \/>\n\t<meta name=\"twitter:data1\" content=\"Administrador\" \/>\n\t<meta name=\"twitter:label2\" content=\"Tiempo de lectura\" \/>\n\t<meta name=\"twitter:data2\" content=\"3 minutos\" \/>\n<script type=\"application\/ld+json\" class=\"yoast-schema-graph\">{\"@context\":\"https:\/\/schema.org\",\"@graph\":[{\"@type\":\"Article\",\"@id\":\"https:\/\/reciclatuspilas.com\/unapiladerazones\/actualidad\/la-campana-una-pila-de-razones-clausura-en-jaen-su-segunda-edicion-con-el-objetivo-de-concienciar-sobre-la-importancia-del-reciclaje-de-los-residuos-de-pilas-y-acumuladores\/#article\",\"isPartOf\":{\"@id\":\"https:\/\/reciclatuspilas.com\/unapiladerazones\/actualidad\/la-campana-una-pila-de-razones-clausura-en-jaen-su-segunda-edicion-con-el-objetivo-de-concienciar-sobre-la-importancia-del-reciclaje-de-los-residuos-de-pilas-y-acumuladores\/\"},\"author\":{\"name\":\"Administrador\",\"@id\":\"https:\/\/reciclatuspilas.com\/unapiladerazones\/#\/schema\/person\/6e90aa5c686c74b2721014e40b5ad9c7\"},\"headline\":\"La campa\u00f1a \u2018Una Pila de Razones\u2019 clausura en Ja\u00e9n su segunda edici\u00f3n con el objetivo de concienciar sobre la importancia del reciclaje de los residuos de pilas y acumuladores\",\"datePublished\":\"2026-04-17T11:50:54+00:00\",\"dateModified\":\"2026-04-17T11:50:55+00:00\",\"mainEntityOfPage\":{\"@id\":\"https:\/\/reciclatuspilas.com\/unapiladerazones\/actualidad\/la-campana-una-pila-de-razones-clausura-en-jaen-su-segunda-edicion-con-el-objetivo-de-concienciar-sobre-la-importancia-del-reciclaje-de-los-residuos-de-pilas-y-acumuladores\/\"},\"wordCount\":563,\"publisher\":{\"@id\":\"https:\/\/reciclatuspilas.com\/unapiladerazones\/#organization\"},\"image\":{\"@id\":\"https:\/\/reciclatuspilas.com\/unapiladerazones\/actualidad\/la-campana-una-pila-de-razones-clausura-en-jaen-su-segunda-edicion-con-el-objetivo-de-concienciar-sobre-la-importancia-del-reciclaje-de-los-residuos-de-pilas-y-acumuladores\/#primaryimage\"},\"thumbnailUrl\":\"https:\/\/reciclatuspilas.com\/unapiladerazones\/wp-content\/uploads\/2026\/04\/Foto-Clausura-UPDR-17.04-1.jpeg\",\"keywords\":[\"Reciclaje\",\"reciclaje de pilas\",\"reciclajepilas\",\"reclicaje baterias\",\"una pila de razones\"],\"articleSection\":[\"Actualidad\"],\"inLanguage\":\"es\"},{\"@type\":\"WebPage\",\"@id\":\"https:\/\/reciclatuspilas.com\/unapiladerazones\/actualidad\/la-campana-una-pila-de-razones-clausura-en-jaen-su-segunda-edicion-con-el-objetivo-de-concienciar-sobre-la-importancia-del-reciclaje-de-los-residuos-de-pilas-y-acumuladores\/\",\"url\":\"https:\/\/reciclatuspilas.com\/unapiladerazones\/actualidad\/la-campana-una-pila-de-razones-clausura-en-jaen-su-segunda-edicion-con-el-objetivo-de-concienciar-sobre-la-importancia-del-reciclaje-de-los-residuos-de-pilas-y-acumuladores\/\",\"name\":\"La campa\u00f1a \u2018Una Pila de Razones\u2019 clausura en Ja\u00e9n su segunda edici\u00f3n con el objetivo de concienciar sobre la importancia del reciclaje de los residuos de pilas y acumuladores - Una Pila de Razones\",\"isPartOf\":{\"@id\":\"https:\/\/reciclatuspilas.com\/unapiladerazones\/#website\"},\"primaryImageOfPage\":{\"@id\":\"https:\/\/reciclatuspilas.com\/unapiladerazones\/actualidad\/la-campana-una-pila-de-razones-clausura-en-jaen-su-segunda-edicion-con-el-objetivo-de-concienciar-sobre-la-importancia-del-reciclaje-de-los-residuos-de-pilas-y-acumuladores\/#primaryimage\"},\"image\":{\"@id\":\"https:\/\/reciclatuspilas.com\/unapiladerazones\/actualidad\/la-campana-una-pila-de-razones-clausura-en-jaen-su-segunda-edicion-con-el-objetivo-de-concienciar-sobre-la-importancia-del-reciclaje-de-los-residuos-de-pilas-y-acumuladores\/#primaryimage\"},\"thumbnailUrl\":\"https:\/\/reciclatuspilas.com\/unapiladerazones\/wp-content\/uploads\/2026\/04\/Foto-Clausura-UPDR-17.04-1.jpeg\",\"datePublished\":\"2026-04-17T11:50:54+00:00\",\"dateModified\":\"2026-04-17T11:50:55+00:00\",\"breadcrumb\":{\"@id\":\"https:\/\/reciclatuspilas.com\/unapiladerazones\/actualidad\/la-campana-una-pila-de-razones-clausura-en-jaen-su-segunda-edicion-con-el-objetivo-de-concienciar-sobre-la-importancia-del-reciclaje-de-los-residuos-de-pilas-y-acumuladores\/#breadcrumb\"},\"inLanguage\":\"es\",\"potentialAction\":[{\"@type\":\"ReadAction\",\"target\":[\"https:\/\/reciclatuspilas.com\/unapiladerazones\/actualidad\/la-campana-una-pila-de-razones-clausura-en-jaen-su-segunda-edicion-con-el-objetivo-de-concienciar-sobre-la-importancia-del-reciclaje-de-los-residuos-de-pilas-y-acumuladores\/\"]}]},{\"@type\":\"ImageObject\",\"inLanguage\":\"es\",\"@id\":\"https:\/\/reciclatuspilas.com\/unapiladerazones\/actualidad\/la-campana-una-pila-de-razones-clausura-en-jaen-su-segunda-edicion-con-el-objetivo-de-concienciar-sobre-la-importancia-del-reciclaje-de-los-residuos-de-pilas-y-acumuladores\/#primaryimage\",\"url\":\"https:\/\/reciclatuspilas.com\/unapiladerazones\/wp-content\/uploads\/2026\/04\/Foto-Clausura-UPDR-17.04-1.jpeg\",\"contentUrl\":\"https:\/\/reciclatuspilas.com\/unapiladerazones\/wp-content\/uploads\/2026\/04\/Foto-Clausura-UPDR-17.04-1.jpeg\",\"width\":1600,\"height\":1066},{\"@type\":\"BreadcrumbList\",\"@id\":\"https:\/\/reciclatuspilas.com\/unapiladerazones\/actualidad\/la-campana-una-pila-de-razones-clausura-en-jaen-su-segunda-edicion-con-el-objetivo-de-concienciar-sobre-la-importancia-del-reciclaje-de-los-residuos-de-pilas-y-acumuladores\/#breadcrumb\",\"itemListElement\":[{\"@type\":\"ListItem\",\"position\":1,\"name\":\"Portada\",\"item\":\"https:\/\/reciclatuspilas.com\/unapiladerazones\/\"},{\"@type\":\"ListItem\",\"position\":2,\"name\":\"La campa\u00f1a \u2018Una Pila de Razones\u2019 clausura en Ja\u00e9n su segunda edici\u00f3n con el objetivo de concienciar sobre la importancia del reciclaje de los residuos de pilas y acumuladores\"}]},{\"@type\":\"WebSite\",\"@id\":\"https:\/\/reciclatuspilas.com\/unapiladerazones\/#website\",\"url\":\"https:\/\/reciclatuspilas.com\/unapiladerazones\/\",\"name\":\"Una Pila de Razones\",\"description\":\"Recicla Tus Pilas Andaluc\u00eda\",\"publisher\":{\"@id\":\"https:\/\/reciclatuspilas.com\/unapiladerazones\/#organization\"},\"potentialAction\":[{\"@type\":\"SearchAction\",\"target\":{\"@type\":\"EntryPoint\",\"urlTemplate\":\"https:\/\/reciclatuspilas.com\/unapiladerazones\/?s={search_term_string}\"},\"query-input\":{\"@type\":\"PropertyValueSpecification\",\"valueRequired\":true,\"valueName\":\"search_term_string\"}}],\"inLanguage\":\"es\"},{\"@type\":\"Organization\",\"@id\":\"https:\/\/reciclatuspilas.com\/unapiladerazones\/#organization\",\"name\":\"Una Pila de Razones\",\"url\":\"https:\/\/reciclatuspilas.com\/unapiladerazones\/\",\"logo\":{\"@type\":\"ImageObject\",\"inLanguage\":\"es\",\"@id\":\"https:\/\/reciclatuspilas.com\/unapiladerazones\/#\/schema\/logo\/image\/\",\"url\":\"https:\/\/reciclatuspilas.com\/unapiladerazones\/wp-content\/uploads\/2024\/07\/main-title-blue.svg\",\"contentUrl\":\"https:\/\/reciclatuspilas.com\/unapiladerazones\/wp-content\/uploads\/2024\/07\/main-title-blue.svg\",\"width\":1,\"height\":1,\"caption\":\"Una Pila de Razones\"},\"image\":{\"@id\":\"https:\/\/reciclatuspilas.com\/unapiladerazones\/#\/schema\/logo\/image\/\"},\"sameAs\":[\"https:\/\/www.facebook.com\/ReciclatuspilasAndalucia\",\"https:\/\/x.com\/ReciclaPilasAnd\",\"https:\/\/www.instagram.com\/reciclatuspilasandalucia\",\"https:\/\/www.linkedin.com\/company\/19140274\",\"https:\/\/www.youtube.com\/channel\/UCKufkPoVxtZ0YNca9GgLTZQ\"]},{\"@type\":\"Person\",\"@id\":\"https:\/\/reciclatuspilas.com\/unapiladerazones\/#\/schema\/person\/6e90aa5c686c74b2721014e40b5ad9c7\",\"name\":\"Administrador\",\"sameAs\":[\"https:\/\/reciclatuspilas.com\/unapiladerazones\"],\"url\":\"https:\/\/reciclatuspilas.com\/unapiladerazones\/author\/administrador\/\"}]}<\/script>\n<!-- \/ Yoast SEO plugin. -->","yoast_head_json":{"title":"La campa\u00f1a \u2018Una Pila de Razones\u2019 clausura en Ja\u00e9n su segunda edici\u00f3n con el objetivo de concienciar sobre la importancia del reciclaje de los residuos de pilas y acumuladores - Una Pila de Razones","robots":{"index":"index","follow":"follow","max-snippet":"max-snippet:-1","max-image-preview":"max-image-preview:large","max-video-preview":"max-video-preview:-1"},"canonical":"https:\/\/reciclatuspilas.com\/unapiladerazones\/actualidad\/la-campana-una-pila-de-razones-clausura-en-jaen-su-segunda-edicion-con-el-objetivo-de-concienciar-sobre-la-importancia-del-reciclaje-de-los-residuos-de-pilas-y-acumuladores\/","og_locale":"es_ES","og_type":"article","og_title":"La campa\u00f1a \u2018Una Pila de Razones\u2019 clausura en Ja\u00e9n su segunda edici\u00f3n con el objetivo de concienciar sobre la importancia del reciclaje de los residuos de pilas y acumuladores - Una Pila de Razones","og_description":"a campa\u00f1a \u2018Una Pila de Razones\u2019 ha clausurado hoy su segunda edici\u00f3n en Ja\u00e9n. El acto se ha presentado hoy en la capital jiennense con la presencia de Jos\u00e9 Mar\u00eda [&hellip;]","og_url":"https:\/\/reciclatuspilas.com\/unapiladerazones\/actualidad\/la-campana-una-pila-de-razones-clausura-en-jaen-su-segunda-edicion-con-el-objetivo-de-concienciar-sobre-la-importancia-del-reciclaje-de-los-residuos-de-pilas-y-acumuladores\/","og_site_name":"Una Pila de Razones","article_publisher":"https:\/\/www.facebook.com\/ReciclatuspilasAndalucia","article_published_time":"2026-04-17T11:50:54+00:00","article_modified_time":"2026-04-17T11:50:55+00:00","og_image":[{"width":1600,"height":1066,"url":"https:\/\/reciclatuspilas.com\/unapiladerazones\/wp-content\/uploads\/2026\/04\/Foto-Clausura-UPDR-17.04-1.jpeg","type":"image\/jpeg"}],"author":"Administrador","twitter_card":"summary_large_image","twitter_creator":"@ReciclaPilasAnd","twitter_site":"@ReciclaPilasAnd","twitter_misc":{"Escrito por":"Administrador","Tiempo de lectura":"3 minutos"},"schema":{"@context":"https:\/\/schema.org","@graph":[{"@type":"Article","@id":"https:\/\/reciclatuspilas.com\/unapiladerazones\/actualidad\/la-campana-una-pila-de-razones-clausura-en-jaen-su-segunda-edicion-con-el-objetivo-de-concienciar-sobre-la-importancia-del-reciclaje-de-los-residuos-de-pilas-y-acumuladores\/#article","isPartOf":{"@id":"https:\/\/reciclatuspilas.com\/unapiladerazones\/actualidad\/la-campana-una-pila-de-razones-clausura-en-jaen-su-segunda-edicion-con-el-objetivo-de-concienciar-sobre-la-importancia-del-reciclaje-de-los-residuos-de-pilas-y-acumuladores\/"},"author":{"name":"Administrador","@id":"https:\/\/reciclatuspilas.com\/unapiladerazones\/#\/schema\/person\/6e90aa5c686c74b2721014e40b5ad9c7"},"headline":"La campa\u00f1a \u2018Una Pila de Razones\u2019 clausura en Ja\u00e9n su segunda edici\u00f3n con el objetivo de concienciar sobre la importancia del reciclaje de los residuos de pilas y acumuladores","datePublished":"2026-04-17T11:50:54+00:00","dateModified":"2026-04-17T11:50:55+00:00","mainEntityOfPage":{"@id":"https:\/\/reciclatuspilas.com\/unapiladerazones\/actualidad\/la-campana-una-pila-de-razones-clausura-en-jaen-su-segunda-edicion-con-el-objetivo-de-concienciar-sobre-la-importancia-del-reciclaje-de-los-residuos-de-pilas-y-acumuladores\/"},"wordCount":563,"publisher":{"@id":"https:\/\/reciclatuspilas.com\/unapiladerazones\/#organization"},"image":{"@id":"https:\/\/reciclatuspilas.com\/unapiladerazones\/actualidad\/la-campana-una-pila-de-razones-clausura-en-jaen-su-segunda-edicion-con-el-objetivo-de-concienciar-sobre-la-importancia-del-reciclaje-de-los-residuos-de-pilas-y-acumuladores\/#primaryimage"},"thumbnailUrl":"https:\/\/reciclatuspilas.com\/unapiladerazones\/wp-content\/uploads\/2026\/04\/Foto-Clausura-UPDR-17.04-1.jpeg","keywords":["Reciclaje","reciclaje de pilas","reciclajepilas","reclicaje baterias","una pila de razones"],"articleSection":["Actualidad"],"inLanguage":"es"},{"@type":"WebPage","@id":"https:\/\/reciclatuspilas.com\/unapiladerazones\/actualidad\/la-campana-una-pila-de-razones-clausura-en-jaen-su-segunda-edicion-con-el-objetivo-de-concienciar-sobre-la-importancia-del-reciclaje-de-los-residuos-de-pilas-y-acumuladores\/","url":"https:\/\/reciclatuspilas.com\/unapiladerazones\/actualidad\/la-campana-una-pila-de-razones-clausura-en-jaen-su-segunda-edicion-con-el-objetivo-de-concienciar-sobre-la-importancia-del-reciclaje-de-los-residuos-de-pilas-y-acumuladores\/","name":"La campa\u00f1a \u2018Una Pila de Razones\u2019 clausura en Ja\u00e9n su segunda edici\u00f3n con el objetivo de concienciar sobre la importancia del reciclaje de los residuos de pilas y acumuladores - Una Pila de Razones","isPartOf":{"@id":"https:\/\/reciclatuspilas.com\/unapiladerazones\/#website"},"primaryImageOfPage":{"@id":"https:\/\/reciclatuspilas.com\/unapiladerazones\/actualidad\/la-campana-una-pila-de-razones-clausura-en-jaen-su-segunda-edicion-con-el-objetivo-de-concienciar-sobre-la-importancia-del-reciclaje-de-los-residuos-de-pilas-y-acumuladores\/#primaryimage"},"image":{"@id":"https:\/\/reciclatuspilas.com\/unapiladerazones\/actualidad\/la-campana-una-pila-de-razones-clausura-en-jaen-su-segunda-edicion-con-el-objetivo-de-concienciar-sobre-la-importancia-del-reciclaje-de-los-residuos-de-pilas-y-acumuladores\/#primaryimage"},"thumbnailUrl":"https:\/\/reciclatuspilas.com\/unapiladerazones\/wp-content\/uploads\/2026\/04\/Foto-Clausura-UPDR-17.04-1.jpeg","datePublished":"2026-04-17T11:50:54+00:00","dateModified":"2026-04-17T11:50:55+00:00","breadcrumb":{"@id":"https:\/\/reciclatuspilas.com\/unapiladerazones\/actualidad\/la-campana-una-pila-de-razones-clausura-en-jaen-su-segunda-edicion-con-el-objetivo-de-concienciar-sobre-la-importancia-del-reciclaje-de-los-residuos-de-pilas-y-acumuladores\/#breadcrumb"},"inLanguage":"es","potentialAction":[{"@type":"ReadAction","target":["https:\/\/reciclatuspilas.com\/unapiladerazones\/actualidad\/la-campana-una-pila-de-razones-clausura-en-jaen-su-segunda-edicion-con-el-objetivo-de-concienciar-sobre-la-importancia-del-reciclaje-de-los-residuos-de-pilas-y-acumuladores\/"]}]},{"@type":"ImageObject","inLanguage":"es","@id":"https:\/\/reciclatuspilas.com\/unapiladerazones\/actualidad\/la-campana-una-pila-de-razones-clausura-en-jaen-su-segunda-edicion-con-el-objetivo-de-concienciar-sobre-la-importancia-del-reciclaje-de-los-residuos-de-pilas-y-acumuladores\/#primaryimage","url":"https:\/\/reciclatuspilas.com\/unapiladerazones\/wp-content\/uploads\/2026\/04\/Foto-Clausura-UPDR-17.04-1.jpeg","contentUrl":"https:\/\/reciclatuspilas.com\/unapiladerazones\/wp-content\/uploads\/2026\/04\/Foto-Clausura-UPDR-17.04-1.jpeg","width":1600,"height":1066},{"@type":"BreadcrumbList","@id":"https:\/\/reciclatuspilas.com\/unapiladerazones\/actualidad\/la-campana-una-pila-de-razones-clausura-en-jaen-su-segunda-edicion-con-el-objetivo-de-concienciar-sobre-la-importancia-del-reciclaje-de-los-residuos-de-pilas-y-acumuladores\/#breadcrumb","itemListElement":[{"@type":"ListItem","position":1,"name":"Portada","item":"https:\/\/reciclatuspilas.com\/unapiladerazones\/"},{"@type":"ListItem","position":2,"name":"La campa\u00f1a \u2018Una Pila de Razones\u2019 clausura en Ja\u00e9n su segunda edici\u00f3n con el objetivo de concienciar sobre la importancia del reciclaje de los residuos de pilas y acumuladores"}]},{"@type":"WebSite","@id":"https:\/\/reciclatuspilas.com\/unapiladerazones\/#website","url":"https:\/\/reciclatuspilas.com\/unapiladerazones\/","name":"Una Pila de Razones","description":"Recicla Tus Pilas Andaluc\u00eda","publisher":{"@id":"https:\/\/reciclatuspilas.com\/unapiladerazones\/#organization"},"potentialAction":[{"@type":"SearchAction","target":{"@type":"EntryPoint","urlTemplate":"https:\/\/reciclatuspilas.com\/unapiladerazones\/?s={search_term_string}"},"query-input":{"@type":"PropertyValueSpecification","valueRequired":true,"valueName":"search_term_string"}}],"inLanguage":"es"},{"@type":"Organization","@id":"https:\/\/reciclatuspilas.com\/unapiladerazones\/#organization","name":"Una Pila de Razones","url":"https:\/\/reciclatuspilas.com\/unapiladerazones\/","logo":{"@type":"ImageObject","inLanguage":"es","@id":"https:\/\/reciclatuspilas.com\/unapiladerazones\/#\/schema\/logo\/image\/","url":"https:\/\/reciclatuspilas.com\/unapiladerazones\/wp-content\/uploads\/2024\/07\/main-title-blue.svg","contentUrl":"https:\/\/reciclatuspilas.com\/unapiladerazones\/wp-content\/uploads\/2024\/07\/main-title-blue.svg","width":1,"height":1,"caption":"Una Pila de Razones"},"image":{"@id":"https:\/\/reciclatuspilas.com\/unapiladerazones\/#\/schema\/logo\/image\/"},"sameAs":["https:\/\/www.facebook.com\/ReciclatuspilasAndalucia","https:\/\/x.com\/ReciclaPilasAnd","https:\/\/www.instagram.com\/reciclatuspilasandalucia","https:\/\/www.linkedin.com\/company\/19140274","https:\/\/www.youtube.com\/channel\/UCKufkPoVxtZ0YNca9GgLTZQ"]},{"@type":"Person","@id":"https:\/\/reciclatuspilas.com\/unapiladerazones\/#\/schema\/person\/6e90aa5c686c74b2721014e40b5ad9c7","name":"Administrador","sameAs":["https:\/\/reciclatuspilas.com\/unapiladerazones"],"url":"https:\/\/reciclatuspilas.com\/unapiladerazones\/author\/administrador\/"}]}},"featured_image_src":"https:\/\/reciclatuspilas.com\/unapiladerazones\/wp-content\/uploads\/2026\/04\/Foto-Clausura-UPDR-17.04-1-600x400.jpeg","featured_image_src_square":"https:\/\/reciclatuspilas.com\/unapiladerazones\/wp-content\/uploads\/2026\/04\/Foto-Clausura-UPDR-17.04-1-600x600.jpeg","author_info":{"display_name":"Administrador","author_link":"https:\/\/reciclatuspilas.com\/unapiladerazones\/author\/administrador\/"},"_links":{"self":[{"href":"https:\/\/reciclatuspilas.com\/unapiladerazones\/wp-json\/wp\/v2\/posts\/5500","targetHints":{"allow":["GET"]}}],"collection":[{"href":"https:\/\/reciclatuspilas.com\/unapiladerazones\/wp-json\/wp\/v2\/posts"}],"about":[{"href":"https:\/\/reciclatuspilas.com\/unapiladerazones\/wp-json\/wp\/v2\/types\/post"}],"author":[{"embeddable":true,"href":"https:\/\/reciclatuspilas.com\/unapiladerazones\/wp-json\/wp\/v2\/users\/1"}],"replies":[{"embeddable":true,"href":"https:\/\/reciclatuspilas.com\/unapiladerazones\/wp-json\/wp\/v2\/comments?post=5500"}],"version-history":[{"count":1,"href":"https:\/\/reciclatuspilas.com\/unapiladerazones\/wp-json\/wp\/v2\/posts\/5500\/revisions"}],"predecessor-version":[{"id":5502,"href":"https:\/\/reciclatuspilas.com\/unapiladerazones\/wp-json\/wp\/v2\/posts\/5500\/revisions\/5502"}],"wp:featuredmedia":[{"embeddable":true,"href":"https:\/\/reciclatuspilas.com\/unapiladerazones\/wp-json\/wp\/v2\/media\/5501"}],"wp:attachment":[{"href":"https:\/\/reciclatuspilas.com\/unapiladerazones\/wp-json\/wp\/v2\/media?parent=5500"}],"wp:term":[{"taxonomy":"category","embeddable":true,"href":"https:\/\/reciclatuspilas.com\/unapiladerazones\/wp-json\/wp\/v2\/categories?post=5500"},{"taxonomy":"post_tag","embeddable":true,"href":"https:\/\/reciclatuspilas.com\/unapiladerazones\/wp-json\/wp\/v2\/tags?post=5500"}],"curies":[{"name":"wp","href":"https:\/\/api.w.org\/{rel}","templated":true}]}}