{"id":3707,"date":"2025-11-14T13:33:25","date_gmt":"2025-11-14T12:33:25","guid":{"rendered":"https:\/\/reciclatuspilas.com\/unapiladerazones\/?p=3707"},"modified":"2025-11-14T13:33:26","modified_gmt":"2025-11-14T12:33:26","slug":"la-campana-una-pila-de-razones-que-arranca-en-malaga-llegara-a-mas-de-240-municipios-andaluces-para-concienciar-sobre-la-importancia-del-reciclaje-de-los-residuos-de-pilas-y-acumul","status":"publish","type":"post","link":"https:\/\/reciclatuspilas.com\/unapiladerazones\/actualidad\/la-campana-una-pila-de-razones-que-arranca-en-malaga-llegara-a-mas-de-240-municipios-andaluces-para-concienciar-sobre-la-importancia-del-reciclaje-de-los-residuos-de-pilas-y-acumul\/","title":{"rendered":"La campa\u00f1a \u2018Una Pila de Razones\u2019, que arranca en M\u00e1laga, llegar\u00e1 a m\u00e1s de 240 municipios andaluces para concienciar sobre la importancia del reciclaje de los residuos de pilas y acumuladores"},"content":{"rendered":"\n<p><br>La campa\u00f1a \u2018Una Pila de Razones\u2019 ha sido presentada en M\u00e1laga con el objetivo de concienciar hasta el pr\u00f3ximo 22 de abril a toda la ciudadan\u00eda andaluza sobre la importancia del reciclaje de los <strong>Residuos de Pilas y Acumuladores (RPA).<\/strong> En su segunda edici\u00f3n, la iniciativa, que contar\u00e1 con rutas en las ocho provincias andaluzas, llegar\u00e1 a <strong>m\u00e1s de 240 municipios<\/strong> incluyendo todas las localidades firmantes del Convenio Marco sobre el reciclaje de Residuos de Pilas y Acumuladores. Esto supondr\u00e1 un alcance de <strong>7,1 millones de personas, el 83,23% de la poblaci\u00f3n andaluza<\/strong> . \u2018Una Pila de Razones\u2019 est\u00e1 promovida por la <strong>Consejer\u00eda de Sostenibilidad y Medio Ambiente de la Junta de Andaluc\u00eda<\/strong> y la <strong>Federaci\u00f3n Andaluza de Municipios y Provincias (FAMP)<\/strong> con el apoyo de los Sistemas Colectivos de Responsabilidad Ampliada del Productor (SCRAP) que operan en la comunidad aut\u00f3noma, <strong>Ecolec, Ecopilas y ERP.<\/strong><\/p>\n\n\n\n<figure class=\"wp-block-image size-large\"><img loading=\"lazy\" decoding=\"async\" width=\"1200\" height=\"800\" src=\"https:\/\/reciclatuspilas.com\/unapiladerazones\/wp-content\/uploads\/2025\/11\/Foto-Malaga-Una-Pila-de-Razones-14.11.25-1200x800.jpeg\" alt=\"\" class=\"wp-image-3708\" srcset=\"https:\/\/reciclatuspilas.com\/unapiladerazones\/wp-content\/uploads\/2025\/11\/Foto-Malaga-Una-Pila-de-Razones-14.11.25-1200x800.jpeg 1200w, https:\/\/reciclatuspilas.com\/unapiladerazones\/wp-content\/uploads\/2025\/11\/Foto-Malaga-Una-Pila-de-Razones-14.11.25-960x640.jpeg 960w, https:\/\/reciclatuspilas.com\/unapiladerazones\/wp-content\/uploads\/2025\/11\/Foto-Malaga-Una-Pila-de-Razones-14.11.25-768x512.jpeg 768w, https:\/\/reciclatuspilas.com\/unapiladerazones\/wp-content\/uploads\/2025\/11\/Foto-Malaga-Una-Pila-de-Razones-14.11.25-1536x1023.jpeg 1536w, https:\/\/reciclatuspilas.com\/unapiladerazones\/wp-content\/uploads\/2025\/11\/Foto-Malaga-Una-Pila-de-Razones-14.11.25-600x400.jpeg 600w, https:\/\/reciclatuspilas.com\/unapiladerazones\/wp-content\/uploads\/2025\/11\/Foto-Malaga-Una-Pila-de-Razones-14.11.25.jpeg 1600w\" sizes=\"auto, (max-width: 1200px) 100vw, 1200px\" \/><\/figure>\n\n\n\n<p>La presentaci\u00f3n se ha llevado a cabo en el evento celebrado en MUCAC M\u00e1laga y ha contado con la presencia de Jos\u00e9 Antonio V\u00edquez Ruiz, delegado territorial de Sostenibilidad y Medio Ambiente en M\u00e1laga; Teresa Porras, concejala del \u00c1rea de Servicios Operativos del Ayuntamiento de M\u00e1laga, ciudad integrada en la Federaci\u00f3n Andaluza de Municipios y Provincias (FAMP); y Laura Alonso, directora general de European Recycling Platform, en representaci\u00f3n de los Sistemas Colectivos de Responsabilidad Ampliada del Productor (SCRAP).<\/p>\n\n\n\n<p>La campa\u00f1a, que tambi\u00e9n estar\u00e1 presente en <strong>las 9 universidades p\u00fablicas andaluzas<\/strong> a trav\u00e9s de visitas en sus campus universitarios, <strong>llevar\u00e1 a cabo 450 acciones de streetmarketing<\/strong> para dar a conocer las ventajas medioambientales, sociales y econ\u00f3micas de la correcta gesti\u00f3n de este tipo de residuos.<\/p>\n\n\n\n<p>Para apoyar este trabajo a pie de calle en muchas localidades andaluzas, la campa\u00f1a ir\u00e1 apoyada por un <strong>intenso plan de medios<\/strong> a nivel regional con presencia en radio, televisi\u00f3n, digital, redes sociales y publicidad exterior.<\/p>\n\n\n\n<p><strong>Arranque de la campa\u00f1a<\/strong><\/p>\n\n\n\n<p>Laura Alonso, ha resaltado la necesidad de \u201cconcienciar a la ciudadan\u00eda sobre la importancia de gestionar correctamente las pilas y acumuladores, porque contienen componentes altamente contaminantes para el medio ambiente y la salud humana\u201d. \u201cUn gesto tan sencillo como tirar una pila en su contenedor adecuado tiene un impacto relevante y est\u00e1 al alcance de cualquiera\u201d, ha subrayado, apostando por integrar este h\u00e1bito en la vida cotidiana.<\/p>\n\n\n\n<p><a><\/a> Teresa Porras, por su parte, ha subrayado que \u201cesta iniciativa llega a nuestra ciudad con un objetivo muy claro: recordarnos que cada peque\u00f1o gesto cuenta para cuidar nuestro entorno. Desde el Ayuntamiento de M\u00e1laga seguimos comprometidos con la sostenibilidad y con la educaci\u00f3n ambiental, colaborando activamente en campa\u00f1as como \u00e9sta que acercan la informaci\u00f3n y las herramientas necesarias para que la ciudadan\u00eda pueda actuar.\u201d<\/p>\n\n\n\n<p>Finalmente, Jos\u00e9 Antonio V\u00edquez ha querido se\u00f1alar que para la Junta de Andaluc\u00eda es \u201cfundamental participar en campa\u00f1as que impulsen la concienciaci\u00f3n ciudadana\u201d. Seg\u00fan ha explicado, reciclar pilas y bater\u00edas \u201cfomenta la econom\u00eda circular y permite reutilizar recursos finitos como metales y minerales\u201d. Para V\u00e1zquez, \u201ctodos debemos ser actores del cambio\u201d, ya que el reciclaje no es solo un gesto puntual, sino \u201cuna forma de entender la vida sostenible del futuro\u201d.<\/p>\n\n\n\n<p><strong>#UnaPiladeRazones informar\u00e1 sobre las ventajas del reciclaje y el Convenio Marco<\/strong><\/p>\n\n\n\n<p>La campa\u00f1a que se mostrar\u00e1 activa en redes sociales a trav\u00e9s del hashtag <strong>#UnaPiladeRazones<\/strong>, incidir\u00e1 en la <strong>importancia de reciclar los residuos de pilas y acumuladores<\/strong> (RPA) separadamente como de sus derechos como consumidores, as\u00ed como de prevenir la generaci\u00f3n de este tipo de residuos facilitando su recogida selectiva y su correcto tratamiento para el reciclaje.<\/p>\n\n\n\n<p>Otro de los objetivos de \u2018Una Pila de Razones\u2019 ser\u00e1 <strong>incrementar el conocimiento del Convenio Marco entre las Entidades Locales y ayuntamientos<\/strong> y su personal, trasladando a estos que es una herramienta que ayuda tanto a las propias entidades locales como a la ciudadan\u00eda a cumplir sus responsabilidades en cuanto a la gesti\u00f3n de este tipo de residuos.<\/p>\n\n\n\n<p><strong>Visitas a municipios y a universidades<\/strong><\/p>\n\n\n\n<p>Los informadores ambientales estar\u00e1n presentes <strong>en 240 municipios<\/strong> informando a sus habitantes <strong>de 10:00 a 14:00 y de 16:00 a 20:00<\/strong>. De esta forma se instalar\u00e1n puntos informativos para informar y animar a los ciudadanos a reciclar sus residuos de pilas y acumuladores. Para facilitar el reciclaje de estos residuos se repartir\u00e1n durante la campa\u00f1a m\u00e1s de 63.000 recopiladores.<\/p>\n\n\n\n<p>Adem\u00e1s, entre sus objetivos tambi\u00e9n se encuentra <strong>alcanzar al p\u00fablico joven<\/strong> y de esta manera la campa\u00f1a estar\u00e1 presente en los <strong>campus de las 9 universidades p\u00fablicas andaluzas<\/strong> con un total de 27 acciones dirigidas exclusivamente al p\u00fablico universitario.<\/p>\n","protected":false},"excerpt":{"rendered":"<p>La campa\u00f1a \u2018Una Pila de Razones\u2019 ha sido presentada en M\u00e1laga con el objetivo de concienciar hasta el pr\u00f3ximo 22 de abril a toda la ciudadan\u00eda andaluza sobre la importancia [&hellip;]<\/p>\n","protected":false},"author":1,"featured_media":3708,"comment_status":"closed","ping_status":"closed","sticky":false,"template":"","format":"standard","meta":{"_genesis_hide_title":false,"_genesis_hide_breadcrumbs":false,"_genesis_hide_singular_image":false,"_genesis_hide_footer_widgets":false,"_genesis_custom_body_class":"","_genesis_custom_post_class":"","_genesis_layout":"","_EventAllDay":false,"_EventTimezone":"","_EventStartDate":"","_EventEndDate":"","_EventStartDateUTC":"","_EventEndDateUTC":"","_EventShowMap":false,"_EventShowMapLink":false,"_EventURL":"","_EventCost":"","_EventCostDescription":"","_EventCurrencySymbol":"","_EventCurrencyCode":"","_EventCurrencyPosition":"","_EventDateTimeSeparator":"","_EventTimeRangeSeparator":"","_EventOrganizerID":[],"_EventVenueID":[],"_OrganizerEmail":"","_OrganizerPhone":"","_OrganizerWebsite":"","_VenueAddress":"","_VenueCity":"","_VenueCountry":"","_VenueProvince":"","_VenueState":"","_VenueZip":"","_VenuePhone":"","_VenueURL":"","_VenueStateProvince":"","_VenueLat":"","_VenueLng":"","_VenueShowMap":false,"_VenueShowMapLink":false,"footnotes":""},"categories":[5],"tags":[17,9,10,14,13,12,16,15,8],"class_list":["post-3707","post","type-post","status-publish","format-standard","has-post-thumbnail","category-actualidad","tag-medio-ambiente","tag-pilas","tag-reciclaje","tag-reciclaje-de-pilas","tag-reciclajepilas","tag-reciclarpilas","tag-reclicaje-baterias","tag-una-pila-de-razones","tag-unapiladerazones","entry","one-third"],"yoast_head":"<!-- This site is optimized with the Yoast SEO plugin v26.2 - https:\/\/yoast.com\/wordpress\/plugins\/seo\/ -->\n<title>La campa\u00f1a \u2018Una Pila de Razones\u2019, que arranca en M\u00e1laga, llegar\u00e1 a m\u00e1s de 240 municipios andaluces para concienciar sobre la importancia del reciclaje de los residuos de pilas y acumuladores - Una Pila de Razones<\/title>\n<meta name=\"description\" content=\"\u2018Una Pila de Razones\u2019 llega a la ciudad de M\u00e1laga para concienciar sobre la importancia del reciclaje de los RPA\" \/>\n<meta name=\"robots\" content=\"index, follow, max-snippet:-1, max-image-preview:large, max-video-preview:-1\" \/>\n<link rel=\"canonical\" href=\"https:\/\/reciclatuspilas.com\/unapiladerazones\/actualidad\/la-campana-una-pila-de-razones-que-arranca-en-malaga-llegara-a-mas-de-240-municipios-andaluces-para-concienciar-sobre-la-importancia-del-reciclaje-de-los-residuos-de-pilas-y-acumul\/\" \/>\n<meta property=\"og:locale\" content=\"es_ES\" \/>\n<meta property=\"og:type\" content=\"article\" \/>\n<meta property=\"og:title\" content=\"La campa\u00f1a \u2018Una Pila de Razones\u2019, que arranca en M\u00e1laga, llegar\u00e1 a m\u00e1s de 240 municipios andaluces para concienciar sobre la importancia del reciclaje de los residuos de pilas y acumuladores - Una Pila de Razones\" \/>\n<meta property=\"og:description\" content=\"\u2018Una Pila de Razones\u2019 llega a la ciudad de M\u00e1laga para concienciar sobre la importancia del reciclaje de los RPA\" \/>\n<meta property=\"og:url\" content=\"https:\/\/reciclatuspilas.com\/unapiladerazones\/actualidad\/la-campana-una-pila-de-razones-que-arranca-en-malaga-llegara-a-mas-de-240-municipios-andaluces-para-concienciar-sobre-la-importancia-del-reciclaje-de-los-residuos-de-pilas-y-acumul\/\" \/>\n<meta property=\"og:site_name\" content=\"Una Pila de Razones\" \/>\n<meta property=\"article:publisher\" content=\"https:\/\/www.facebook.com\/ReciclatuspilasAndalucia\" \/>\n<meta property=\"article:published_time\" content=\"2025-11-14T12:33:25+00:00\" \/>\n<meta property=\"article:modified_time\" content=\"2025-11-14T12:33:26+00:00\" \/>\n<meta property=\"og:image\" content=\"https:\/\/reciclatuspilas.com\/unapiladerazones\/wp-content\/uploads\/2025\/11\/Foto-Malaga-Una-Pila-de-Razones-14.11.25.jpeg\" \/>\n\t<meta property=\"og:image:width\" content=\"1600\" \/>\n\t<meta property=\"og:image:height\" content=\"1066\" \/>\n\t<meta property=\"og:image:type\" content=\"image\/jpeg\" \/>\n<meta name=\"author\" content=\"Administrador\" \/>\n<meta name=\"twitter:card\" content=\"summary_large_image\" \/>\n<meta name=\"twitter:creator\" content=\"@ReciclaPilasAnd\" \/>\n<meta name=\"twitter:site\" content=\"@ReciclaPilasAnd\" \/>\n<meta name=\"twitter:label1\" content=\"Escrito por\" \/>\n\t<meta name=\"twitter:data1\" content=\"Administrador\" \/>\n\t<meta name=\"twitter:label2\" content=\"Tiempo de lectura\" \/>\n\t<meta name=\"twitter:data2\" content=\"4 minutos\" \/>\n<script type=\"application\/ld+json\" class=\"yoast-schema-graph\">{\"@context\":\"https:\/\/schema.org\",\"@graph\":[{\"@type\":\"Article\",\"@id\":\"https:\/\/reciclatuspilas.com\/unapiladerazones\/actualidad\/la-campana-una-pila-de-razones-que-arranca-en-malaga-llegara-a-mas-de-240-municipios-andaluces-para-concienciar-sobre-la-importancia-del-reciclaje-de-los-residuos-de-pilas-y-acumul\/#article\",\"isPartOf\":{\"@id\":\"https:\/\/reciclatuspilas.com\/unapiladerazones\/actualidad\/la-campana-una-pila-de-razones-que-arranca-en-malaga-llegara-a-mas-de-240-municipios-andaluces-para-concienciar-sobre-la-importancia-del-reciclaje-de-los-residuos-de-pilas-y-acumul\/\"},\"author\":{\"name\":\"Administrador\",\"@id\":\"https:\/\/reciclatuspilas.com\/unapiladerazones\/#\/schema\/person\/6e90aa5c686c74b2721014e40b5ad9c7\"},\"headline\":\"La campa\u00f1a \u2018Una Pila de Razones\u2019, que arranca en M\u00e1laga, llegar\u00e1 a m\u00e1s de 240 municipios andaluces para concienciar sobre la importancia del reciclaje de los residuos de pilas y acumuladores\",\"datePublished\":\"2025-11-14T12:33:25+00:00\",\"dateModified\":\"2025-11-14T12:33:26+00:00\",\"mainEntityOfPage\":{\"@id\":\"https:\/\/reciclatuspilas.com\/unapiladerazones\/actualidad\/la-campana-una-pila-de-razones-que-arranca-en-malaga-llegara-a-mas-de-240-municipios-andaluces-para-concienciar-sobre-la-importancia-del-reciclaje-de-los-residuos-de-pilas-y-acumul\/\"},\"wordCount\":818,\"publisher\":{\"@id\":\"https:\/\/reciclatuspilas.com\/unapiladerazones\/#organization\"},\"image\":{\"@id\":\"https:\/\/reciclatuspilas.com\/unapiladerazones\/actualidad\/la-campana-una-pila-de-razones-que-arranca-en-malaga-llegara-a-mas-de-240-municipios-andaluces-para-concienciar-sobre-la-importancia-del-reciclaje-de-los-residuos-de-pilas-y-acumul\/#primaryimage\"},\"thumbnailUrl\":\"https:\/\/reciclatuspilas.com\/unapiladerazones\/wp-content\/uploads\/2025\/11\/Foto-Malaga-Una-Pila-de-Razones-14.11.25.jpeg\",\"keywords\":[\"medio ambiente\",\"Pilas\",\"Reciclaje\",\"reciclaje de pilas\",\"reciclajepilas\",\"reciclarpilas\",\"reclicaje baterias\",\"una pila de razones\",\"UnaPilaDeRazones\"],\"articleSection\":[\"Actualidad\"],\"inLanguage\":\"es\"},{\"@type\":\"WebPage\",\"@id\":\"https:\/\/reciclatuspilas.com\/unapiladerazones\/actualidad\/la-campana-una-pila-de-razones-que-arranca-en-malaga-llegara-a-mas-de-240-municipios-andaluces-para-concienciar-sobre-la-importancia-del-reciclaje-de-los-residuos-de-pilas-y-acumul\/\",\"url\":\"https:\/\/reciclatuspilas.com\/unapiladerazones\/actualidad\/la-campana-una-pila-de-razones-que-arranca-en-malaga-llegara-a-mas-de-240-municipios-andaluces-para-concienciar-sobre-la-importancia-del-reciclaje-de-los-residuos-de-pilas-y-acumul\/\",\"name\":\"La campa\u00f1a \u2018Una Pila de Razones\u2019, que arranca en M\u00e1laga, llegar\u00e1 a m\u00e1s de 240 municipios andaluces para concienciar sobre la importancia del reciclaje de los residuos de pilas y acumuladores - Una Pila de Razones\",\"isPartOf\":{\"@id\":\"https:\/\/reciclatuspilas.com\/unapiladerazones\/#website\"},\"primaryImageOfPage\":{\"@id\":\"https:\/\/reciclatuspilas.com\/unapiladerazones\/actualidad\/la-campana-una-pila-de-razones-que-arranca-en-malaga-llegara-a-mas-de-240-municipios-andaluces-para-concienciar-sobre-la-importancia-del-reciclaje-de-los-residuos-de-pilas-y-acumul\/#primaryimage\"},\"image\":{\"@id\":\"https:\/\/reciclatuspilas.com\/unapiladerazones\/actualidad\/la-campana-una-pila-de-razones-que-arranca-en-malaga-llegara-a-mas-de-240-municipios-andaluces-para-concienciar-sobre-la-importancia-del-reciclaje-de-los-residuos-de-pilas-y-acumul\/#primaryimage\"},\"thumbnailUrl\":\"https:\/\/reciclatuspilas.com\/unapiladerazones\/wp-content\/uploads\/2025\/11\/Foto-Malaga-Una-Pila-de-Razones-14.11.25.jpeg\",\"datePublished\":\"2025-11-14T12:33:25+00:00\",\"dateModified\":\"2025-11-14T12:33:26+00:00\",\"description\":\"\u2018Una Pila de Razones\u2019 llega a la ciudad de M\u00e1laga para concienciar sobre la importancia del reciclaje de los RPA\",\"breadcrumb\":{\"@id\":\"https:\/\/reciclatuspilas.com\/unapiladerazones\/actualidad\/la-campana-una-pila-de-razones-que-arranca-en-malaga-llegara-a-mas-de-240-municipios-andaluces-para-concienciar-sobre-la-importancia-del-reciclaje-de-los-residuos-de-pilas-y-acumul\/#breadcrumb\"},\"inLanguage\":\"es\",\"potentialAction\":[{\"@type\":\"ReadAction\",\"target\":[\"https:\/\/reciclatuspilas.com\/unapiladerazones\/actualidad\/la-campana-una-pila-de-razones-que-arranca-en-malaga-llegara-a-mas-de-240-municipios-andaluces-para-concienciar-sobre-la-importancia-del-reciclaje-de-los-residuos-de-pilas-y-acumul\/\"]}]},{\"@type\":\"ImageObject\",\"inLanguage\":\"es\",\"@id\":\"https:\/\/reciclatuspilas.com\/unapiladerazones\/actualidad\/la-campana-una-pila-de-razones-que-arranca-en-malaga-llegara-a-mas-de-240-municipios-andaluces-para-concienciar-sobre-la-importancia-del-reciclaje-de-los-residuos-de-pilas-y-acumul\/#primaryimage\",\"url\":\"https:\/\/reciclatuspilas.com\/unapiladerazones\/wp-content\/uploads\/2025\/11\/Foto-Malaga-Una-Pila-de-Razones-14.11.25.jpeg\",\"contentUrl\":\"https:\/\/reciclatuspilas.com\/unapiladerazones\/wp-content\/uploads\/2025\/11\/Foto-Malaga-Una-Pila-de-Razones-14.11.25.jpeg\",\"width\":1600,\"height\":1066},{\"@type\":\"BreadcrumbList\",\"@id\":\"https:\/\/reciclatuspilas.com\/unapiladerazones\/actualidad\/la-campana-una-pila-de-razones-que-arranca-en-malaga-llegara-a-mas-de-240-municipios-andaluces-para-concienciar-sobre-la-importancia-del-reciclaje-de-los-residuos-de-pilas-y-acumul\/#breadcrumb\",\"itemListElement\":[{\"@type\":\"ListItem\",\"position\":1,\"name\":\"Portada\",\"item\":\"https:\/\/reciclatuspilas.com\/unapiladerazones\/\"},{\"@type\":\"ListItem\",\"position\":2,\"name\":\"La campa\u00f1a \u2018Una Pila de Razones\u2019, que arranca en M\u00e1laga, llegar\u00e1 a m\u00e1s de 240 municipios andaluces para concienciar sobre la importancia del reciclaje de los residuos de pilas y acumuladores\"}]},{\"@type\":\"WebSite\",\"@id\":\"https:\/\/reciclatuspilas.com\/unapiladerazones\/#website\",\"url\":\"https:\/\/reciclatuspilas.com\/unapiladerazones\/\",\"name\":\"Una Pila de Razones\",\"description\":\"Recicla Tus Pilas Andaluc\u00eda\",\"publisher\":{\"@id\":\"https:\/\/reciclatuspilas.com\/unapiladerazones\/#organization\"},\"potentialAction\":[{\"@type\":\"SearchAction\",\"target\":{\"@type\":\"EntryPoint\",\"urlTemplate\":\"https:\/\/reciclatuspilas.com\/unapiladerazones\/?s={search_term_string}\"},\"query-input\":{\"@type\":\"PropertyValueSpecification\",\"valueRequired\":true,\"valueName\":\"search_term_string\"}}],\"inLanguage\":\"es\"},{\"@type\":\"Organization\",\"@id\":\"https:\/\/reciclatuspilas.com\/unapiladerazones\/#organization\",\"name\":\"Una Pila de Razones\",\"url\":\"https:\/\/reciclatuspilas.com\/unapiladerazones\/\",\"logo\":{\"@type\":\"ImageObject\",\"inLanguage\":\"es\",\"@id\":\"https:\/\/reciclatuspilas.com\/unapiladerazones\/#\/schema\/logo\/image\/\",\"url\":\"https:\/\/reciclatuspilas.com\/unapiladerazones\/wp-content\/uploads\/2024\/07\/main-title-blue.svg\",\"contentUrl\":\"https:\/\/reciclatuspilas.com\/unapiladerazones\/wp-content\/uploads\/2024\/07\/main-title-blue.svg\",\"width\":1,\"height\":1,\"caption\":\"Una Pila de Razones\"},\"image\":{\"@id\":\"https:\/\/reciclatuspilas.com\/unapiladerazones\/#\/schema\/logo\/image\/\"},\"sameAs\":[\"https:\/\/www.facebook.com\/ReciclatuspilasAndalucia\",\"https:\/\/x.com\/ReciclaPilasAnd\",\"https:\/\/www.instagram.com\/reciclatuspilasandalucia\",\"https:\/\/www.linkedin.com\/company\/19140274\",\"https:\/\/www.youtube.com\/channel\/UCKufkPoVxtZ0YNca9GgLTZQ\"]},{\"@type\":\"Person\",\"@id\":\"https:\/\/reciclatuspilas.com\/unapiladerazones\/#\/schema\/person\/6e90aa5c686c74b2721014e40b5ad9c7\",\"name\":\"Administrador\",\"sameAs\":[\"https:\/\/reciclatuspilas.com\/unapiladerazones\"],\"url\":\"https:\/\/reciclatuspilas.com\/unapiladerazones\/author\/administrador\/\"}]}<\/script>\n<!-- \/ Yoast SEO plugin. -->","yoast_head_json":{"title":"La campa\u00f1a \u2018Una Pila de Razones\u2019, que arranca en M\u00e1laga, llegar\u00e1 a m\u00e1s de 240 municipios andaluces para concienciar sobre la importancia del reciclaje de los residuos de pilas y acumuladores - Una Pila de Razones","description":"\u2018Una Pila de Razones\u2019 llega a la ciudad de M\u00e1laga para concienciar sobre la importancia del reciclaje de los RPA","robots":{"index":"index","follow":"follow","max-snippet":"max-snippet:-1","max-image-preview":"max-image-preview:large","max-video-preview":"max-video-preview:-1"},"canonical":"https:\/\/reciclatuspilas.com\/unapiladerazones\/actualidad\/la-campana-una-pila-de-razones-que-arranca-en-malaga-llegara-a-mas-de-240-municipios-andaluces-para-concienciar-sobre-la-importancia-del-reciclaje-de-los-residuos-de-pilas-y-acumul\/","og_locale":"es_ES","og_type":"article","og_title":"La campa\u00f1a \u2018Una Pila de Razones\u2019, que arranca en M\u00e1laga, llegar\u00e1 a m\u00e1s de 240 municipios andaluces para concienciar sobre la importancia del reciclaje de los residuos de pilas y acumuladores - Una Pila de Razones","og_description":"\u2018Una Pila de Razones\u2019 llega a la ciudad de M\u00e1laga para concienciar sobre la importancia del reciclaje de los RPA","og_url":"https:\/\/reciclatuspilas.com\/unapiladerazones\/actualidad\/la-campana-una-pila-de-razones-que-arranca-en-malaga-llegara-a-mas-de-240-municipios-andaluces-para-concienciar-sobre-la-importancia-del-reciclaje-de-los-residuos-de-pilas-y-acumul\/","og_site_name":"Una Pila de Razones","article_publisher":"https:\/\/www.facebook.com\/ReciclatuspilasAndalucia","article_published_time":"2025-11-14T12:33:25+00:00","article_modified_time":"2025-11-14T12:33:26+00:00","og_image":[{"width":1600,"height":1066,"url":"https:\/\/reciclatuspilas.com\/unapiladerazones\/wp-content\/uploads\/2025\/11\/Foto-Malaga-Una-Pila-de-Razones-14.11.25.jpeg","type":"image\/jpeg"}],"author":"Administrador","twitter_card":"summary_large_image","twitter_creator":"@ReciclaPilasAnd","twitter_site":"@ReciclaPilasAnd","twitter_misc":{"Escrito por":"Administrador","Tiempo de lectura":"4 minutos"},"schema":{"@context":"https:\/\/schema.org","@graph":[{"@type":"Article","@id":"https:\/\/reciclatuspilas.com\/unapiladerazones\/actualidad\/la-campana-una-pila-de-razones-que-arranca-en-malaga-llegara-a-mas-de-240-municipios-andaluces-para-concienciar-sobre-la-importancia-del-reciclaje-de-los-residuos-de-pilas-y-acumul\/#article","isPartOf":{"@id":"https:\/\/reciclatuspilas.com\/unapiladerazones\/actualidad\/la-campana-una-pila-de-razones-que-arranca-en-malaga-llegara-a-mas-de-240-municipios-andaluces-para-concienciar-sobre-la-importancia-del-reciclaje-de-los-residuos-de-pilas-y-acumul\/"},"author":{"name":"Administrador","@id":"https:\/\/reciclatuspilas.com\/unapiladerazones\/#\/schema\/person\/6e90aa5c686c74b2721014e40b5ad9c7"},"headline":"La campa\u00f1a \u2018Una Pila de Razones\u2019, que arranca en M\u00e1laga, llegar\u00e1 a m\u00e1s de 240 municipios andaluces para concienciar sobre la importancia del reciclaje de los residuos de pilas y acumuladores","datePublished":"2025-11-14T12:33:25+00:00","dateModified":"2025-11-14T12:33:26+00:00","mainEntityOfPage":{"@id":"https:\/\/reciclatuspilas.com\/unapiladerazones\/actualidad\/la-campana-una-pila-de-razones-que-arranca-en-malaga-llegara-a-mas-de-240-municipios-andaluces-para-concienciar-sobre-la-importancia-del-reciclaje-de-los-residuos-de-pilas-y-acumul\/"},"wordCount":818,"publisher":{"@id":"https:\/\/reciclatuspilas.com\/unapiladerazones\/#organization"},"image":{"@id":"https:\/\/reciclatuspilas.com\/unapiladerazones\/actualidad\/la-campana-una-pila-de-razones-que-arranca-en-malaga-llegara-a-mas-de-240-municipios-andaluces-para-concienciar-sobre-la-importancia-del-reciclaje-de-los-residuos-de-pilas-y-acumul\/#primaryimage"},"thumbnailUrl":"https:\/\/reciclatuspilas.com\/unapiladerazones\/wp-content\/uploads\/2025\/11\/Foto-Malaga-Una-Pila-de-Razones-14.11.25.jpeg","keywords":["medio ambiente","Pilas","Reciclaje","reciclaje de pilas","reciclajepilas","reciclarpilas","reclicaje baterias","una pila de razones","UnaPilaDeRazones"],"articleSection":["Actualidad"],"inLanguage":"es"},{"@type":"WebPage","@id":"https:\/\/reciclatuspilas.com\/unapiladerazones\/actualidad\/la-campana-una-pila-de-razones-que-arranca-en-malaga-llegara-a-mas-de-240-municipios-andaluces-para-concienciar-sobre-la-importancia-del-reciclaje-de-los-residuos-de-pilas-y-acumul\/","url":"https:\/\/reciclatuspilas.com\/unapiladerazones\/actualidad\/la-campana-una-pila-de-razones-que-arranca-en-malaga-llegara-a-mas-de-240-municipios-andaluces-para-concienciar-sobre-la-importancia-del-reciclaje-de-los-residuos-de-pilas-y-acumul\/","name":"La campa\u00f1a \u2018Una Pila de Razones\u2019, que arranca en M\u00e1laga, llegar\u00e1 a m\u00e1s de 240 municipios andaluces para concienciar sobre la importancia del reciclaje de los residuos de pilas y acumuladores - Una Pila de Razones","isPartOf":{"@id":"https:\/\/reciclatuspilas.com\/unapiladerazones\/#website"},"primaryImageOfPage":{"@id":"https:\/\/reciclatuspilas.com\/unapiladerazones\/actualidad\/la-campana-una-pila-de-razones-que-arranca-en-malaga-llegara-a-mas-de-240-municipios-andaluces-para-concienciar-sobre-la-importancia-del-reciclaje-de-los-residuos-de-pilas-y-acumul\/#primaryimage"},"image":{"@id":"https:\/\/reciclatuspilas.com\/unapiladerazones\/actualidad\/la-campana-una-pila-de-razones-que-arranca-en-malaga-llegara-a-mas-de-240-municipios-andaluces-para-concienciar-sobre-la-importancia-del-reciclaje-de-los-residuos-de-pilas-y-acumul\/#primaryimage"},"thumbnailUrl":"https:\/\/reciclatuspilas.com\/unapiladerazones\/wp-content\/uploads\/2025\/11\/Foto-Malaga-Una-Pila-de-Razones-14.11.25.jpeg","datePublished":"2025-11-14T12:33:25+00:00","dateModified":"2025-11-14T12:33:26+00:00","description":"\u2018Una Pila de Razones\u2019 llega a la ciudad de M\u00e1laga para concienciar sobre la importancia del reciclaje de los RPA","breadcrumb":{"@id":"https:\/\/reciclatuspilas.com\/unapiladerazones\/actualidad\/la-campana-una-pila-de-razones-que-arranca-en-malaga-llegara-a-mas-de-240-municipios-andaluces-para-concienciar-sobre-la-importancia-del-reciclaje-de-los-residuos-de-pilas-y-acumul\/#breadcrumb"},"inLanguage":"es","potentialAction":[{"@type":"ReadAction","target":["https:\/\/reciclatuspilas.com\/unapiladerazones\/actualidad\/la-campana-una-pila-de-razones-que-arranca-en-malaga-llegara-a-mas-de-240-municipios-andaluces-para-concienciar-sobre-la-importancia-del-reciclaje-de-los-residuos-de-pilas-y-acumul\/"]}]},{"@type":"ImageObject","inLanguage":"es","@id":"https:\/\/reciclatuspilas.com\/unapiladerazones\/actualidad\/la-campana-una-pila-de-razones-que-arranca-en-malaga-llegara-a-mas-de-240-municipios-andaluces-para-concienciar-sobre-la-importancia-del-reciclaje-de-los-residuos-de-pilas-y-acumul\/#primaryimage","url":"https:\/\/reciclatuspilas.com\/unapiladerazones\/wp-content\/uploads\/2025\/11\/Foto-Malaga-Una-Pila-de-Razones-14.11.25.jpeg","contentUrl":"https:\/\/reciclatuspilas.com\/unapiladerazones\/wp-content\/uploads\/2025\/11\/Foto-Malaga-Una-Pila-de-Razones-14.11.25.jpeg","width":1600,"height":1066},{"@type":"BreadcrumbList","@id":"https:\/\/reciclatuspilas.com\/unapiladerazones\/actualidad\/la-campana-una-pila-de-razones-que-arranca-en-malaga-llegara-a-mas-de-240-municipios-andaluces-para-concienciar-sobre-la-importancia-del-reciclaje-de-los-residuos-de-pilas-y-acumul\/#breadcrumb","itemListElement":[{"@type":"ListItem","position":1,"name":"Portada","item":"https:\/\/reciclatuspilas.com\/unapiladerazones\/"},{"@type":"ListItem","position":2,"name":"La campa\u00f1a \u2018Una Pila de Razones\u2019, que arranca en M\u00e1laga, llegar\u00e1 a m\u00e1s de 240 municipios andaluces para concienciar sobre la importancia del reciclaje de los residuos de pilas y acumuladores"}]},{"@type":"WebSite","@id":"https:\/\/reciclatuspilas.com\/unapiladerazones\/#website","url":"https:\/\/reciclatuspilas.com\/unapiladerazones\/","name":"Una Pila de Razones","description":"Recicla Tus Pilas Andaluc\u00eda","publisher":{"@id":"https:\/\/reciclatuspilas.com\/unapiladerazones\/#organization"},"potentialAction":[{"@type":"SearchAction","target":{"@type":"EntryPoint","urlTemplate":"https:\/\/reciclatuspilas.com\/unapiladerazones\/?s={search_term_string}"},"query-input":{"@type":"PropertyValueSpecification","valueRequired":true,"valueName":"search_term_string"}}],"inLanguage":"es"},{"@type":"Organization","@id":"https:\/\/reciclatuspilas.com\/unapiladerazones\/#organization","name":"Una Pila de Razones","url":"https:\/\/reciclatuspilas.com\/unapiladerazones\/","logo":{"@type":"ImageObject","inLanguage":"es","@id":"https:\/\/reciclatuspilas.com\/unapiladerazones\/#\/schema\/logo\/image\/","url":"https:\/\/reciclatuspilas.com\/unapiladerazones\/wp-content\/uploads\/2024\/07\/main-title-blue.svg","contentUrl":"https:\/\/reciclatuspilas.com\/unapiladerazones\/wp-content\/uploads\/2024\/07\/main-title-blue.svg","width":1,"height":1,"caption":"Una Pila de Razones"},"image":{"@id":"https:\/\/reciclatuspilas.com\/unapiladerazones\/#\/schema\/logo\/image\/"},"sameAs":["https:\/\/www.facebook.com\/ReciclatuspilasAndalucia","https:\/\/x.com\/ReciclaPilasAnd","https:\/\/www.instagram.com\/reciclatuspilasandalucia","https:\/\/www.linkedin.com\/company\/19140274","https:\/\/www.youtube.com\/channel\/UCKufkPoVxtZ0YNca9GgLTZQ"]},{"@type":"Person","@id":"https:\/\/reciclatuspilas.com\/unapiladerazones\/#\/schema\/person\/6e90aa5c686c74b2721014e40b5ad9c7","name":"Administrador","sameAs":["https:\/\/reciclatuspilas.com\/unapiladerazones"],"url":"https:\/\/reciclatuspilas.com\/unapiladerazones\/author\/administrador\/"}]}},"featured_image_src":"https:\/\/reciclatuspilas.com\/unapiladerazones\/wp-content\/uploads\/2025\/11\/Foto-Malaga-Una-Pila-de-Razones-14.11.25-600x400.jpeg","featured_image_src_square":"https:\/\/reciclatuspilas.com\/unapiladerazones\/wp-content\/uploads\/2025\/11\/Foto-Malaga-Una-Pila-de-Razones-14.11.25-600x600.jpeg","author_info":{"display_name":"Administrador","author_link":"https:\/\/reciclatuspilas.com\/unapiladerazones\/author\/administrador\/"},"_links":{"self":[{"href":"https:\/\/reciclatuspilas.com\/unapiladerazones\/wp-json\/wp\/v2\/posts\/3707","targetHints":{"allow":["GET"]}}],"collection":[{"href":"https:\/\/reciclatuspilas.com\/unapiladerazones\/wp-json\/wp\/v2\/posts"}],"about":[{"href":"https:\/\/reciclatuspilas.com\/unapiladerazones\/wp-json\/wp\/v2\/types\/post"}],"author":[{"embeddable":true,"href":"https:\/\/reciclatuspilas.com\/unapiladerazones\/wp-json\/wp\/v2\/users\/1"}],"replies":[{"embeddable":true,"href":"https:\/\/reciclatuspilas.com\/unapiladerazones\/wp-json\/wp\/v2\/comments?post=3707"}],"version-history":[{"count":1,"href":"https:\/\/reciclatuspilas.com\/unapiladerazones\/wp-json\/wp\/v2\/posts\/3707\/revisions"}],"predecessor-version":[{"id":3709,"href":"https:\/\/reciclatuspilas.com\/unapiladerazones\/wp-json\/wp\/v2\/posts\/3707\/revisions\/3709"}],"wp:featuredmedia":[{"embeddable":true,"href":"https:\/\/reciclatuspilas.com\/unapiladerazones\/wp-json\/wp\/v2\/media\/3708"}],"wp:attachment":[{"href":"https:\/\/reciclatuspilas.com\/unapiladerazones\/wp-json\/wp\/v2\/media?parent=3707"}],"wp:term":[{"taxonomy":"category","embeddable":true,"href":"https:\/\/reciclatuspilas.com\/unapiladerazones\/wp-json\/wp\/v2\/categories?post=3707"},{"taxonomy":"post_tag","embeddable":true,"href":"https:\/\/reciclatuspilas.com\/unapiladerazones\/wp-json\/wp\/v2\/tags?post=3707"}],"curies":[{"name":"wp","href":"https:\/\/api.w.org\/{rel}","templated":true}]}}