{"id":2182,"date":"2024-11-15T14:04:50","date_gmt":"2024-11-15T13:04:50","guid":{"rendered":"https:\/\/reciclatuspilas.com\/unapiladerazones\/?p=2182"},"modified":"2024-11-15T14:04:51","modified_gmt":"2024-11-15T13:04:51","slug":"la-campana-una-pila-de-razones-clausura-en-benalmadena-su-primera-edicion-con-el-objetivo-de-concienciar-sobre-la-importancia-del-reciclaje-de-los-residuos-de-pilas-y-acumuladores","status":"publish","type":"post","link":"https:\/\/reciclatuspilas.com\/unapiladerazones\/actualidad\/la-campana-una-pila-de-razones-clausura-en-benalmadena-su-primera-edicion-con-el-objetivo-de-concienciar-sobre-la-importancia-del-reciclaje-de-los-residuos-de-pilas-y-acumuladores\/","title":{"rendered":"La campa\u00f1a \u2018Una Pila de Razones\u2019 clausura en Benalm\u00e1dena su primera edici\u00f3n con el objetivo de concienciar sobre la importancia del reciclaje de los residuos de pilas y acumuladores"},"content":{"rendered":"\n<p><br>La campa\u00f1a \u2018Una Pila de Razones\u2019 ha clausurado hoy su primera edici\u00f3n en Benalm\u00e1dena.<\/p>\n\n\n\n<figure class=\"wp-block-image size-large\"><img loading=\"lazy\" decoding=\"async\" width=\"1200\" height=\"800\" src=\"https:\/\/reciclatuspilas.com\/unapiladerazones\/wp-content\/uploads\/2024\/11\/Foto-Benalmadena-Reciclatuspilas-15112024-1-1200x800.jpg\" alt=\"\" class=\"wp-image-2183\" srcset=\"https:\/\/reciclatuspilas.com\/unapiladerazones\/wp-content\/uploads\/2024\/11\/Foto-Benalmadena-Reciclatuspilas-15112024-1-1200x800.jpg 1200w, https:\/\/reciclatuspilas.com\/unapiladerazones\/wp-content\/uploads\/2024\/11\/Foto-Benalmadena-Reciclatuspilas-15112024-1-960x640.jpg 960w, https:\/\/reciclatuspilas.com\/unapiladerazones\/wp-content\/uploads\/2024\/11\/Foto-Benalmadena-Reciclatuspilas-15112024-1-768x512.jpg 768w, https:\/\/reciclatuspilas.com\/unapiladerazones\/wp-content\/uploads\/2024\/11\/Foto-Benalmadena-Reciclatuspilas-15112024-1-1536x1024.jpg 1536w, https:\/\/reciclatuspilas.com\/unapiladerazones\/wp-content\/uploads\/2024\/11\/Foto-Benalmadena-Reciclatuspilas-15112024-1-2048x1365.jpg 2048w, https:\/\/reciclatuspilas.com\/unapiladerazones\/wp-content\/uploads\/2024\/11\/Foto-Benalmadena-Reciclatuspilas-15112024-1-600x400.jpg 600w\" sizes=\"auto, (max-width: 1200px) 100vw, 1200px\" \/><\/figure>\n\n\n\n<p>El acto se ha presentado hoy en la localidad malague\u00f1a con la presencia del delegado territorial de Sostenibilidad y Medio Ambiente en M\u00e1laga, Jos\u00e9 Antonio V\u00edquez Ruiz;el alcalde de Benalm\u00e1dena y representante de la FAMP, Juan Antonio Lara Mar\u00edn; el delegado de Medio Ambiente de la Mancomunidad de municipios de la Costa del Sol occidental, Juan Olea; y el director de marketing y eventos de Recyclia, Julio Lema.<\/p>\n\n\n\n<p>Adem\u00e1s, dos informadores ambientales han estado durante toda la ma\u00f1ana situados en la Plaza del Ayuntamiento con un stand informativo para concienciar a los vecinos sobre la importancia de la correcta gesti\u00f3n de este tipo de residuos. Tambi\u00e9n han informado sobre los lugares habilitados para depositar los residuos de pilas y acumuladores cuando quedan en desuso, evitando, as\u00ed, su acumulaci\u00f3n en los hogares. Esto contribuye a impulsar el modelo de Econom\u00eda Circular y el reaprovechamiento de materias primas.<\/p>\n\n\n\n<p>El alcalde, Juan Antonio Lara Mar\u00edn, del Ayuntamiento de Benalm\u00e1dena, ha incidido en la importancia de la recogida selectiva de pilas y acumuladores en la \u201csostenibilidad\u201d al tiempo que ha apuntado que \u201ctodos y cada uno de nosotros tenemos que ir cuidando nuestro medio ambiente\u201d. Adem\u00e1s, Lara Mar\u00edn ha recalcado que \u201cfomentar este tipo de reciclaje es fundamental en la sociedad\u201d.<\/p>\n\n\n\n<p>El delegado territorial, Jos\u00e9 Antonio V\u00edquez, ha se\u00f1alado que en el \u00e1mbito de las pilas se puede aplicar \u201cla Ley de Econom\u00eda Circular de Andaluc\u00eda, que es la primera Ley de este tipo que hay en Espa\u00f1a\u201d, para llegar a \u201celiminar la econom\u00eda lineal\u201d. Por esto, V\u00edquez ha apuntado que \u201chay que dar visibilidad a este tipo de residuos, que en este caso para nosotros es un recurso\u201d.<\/p>\n\n\n\n<p>Por su parte, el director de marketing y eventos de Recyclia, Julio Lema, ha mostrado su satisfacci\u00f3n porque \u201chemos cumplidos los objetivos que nos hab\u00edamos propuesto hace dos meses. Los \u00edndices de audiencia nos est\u00e1n indicando que est\u00e1 teniendo muy buena acogida.\u201d Adem\u00e1s, Lema ha incidido en la importancia de reciclar \u201cporque evitamos extraer\u201d recursos de la naturaleza.<\/p>\n\n\n\n<p>Finalmente, el delegado de Medio Ambiente de la Mancomunidad de municipios de la Costa del Sol occidental, Juan Olea ha apuntado la sociedad de la Costa del Sol \u201ctiene arraigada una cultura del reciclaje muy importante. Queremos seguir siendo ambiciosos y seguir poniendo todos los medios y recursos a trav\u00e9s tambi\u00e9n de estas campa\u00f1as para conseguir los objetivos\u201d.<\/p>\n\n\n\n<p>La campa\u00f1a se ha desarrollado a lo largo de toda Andaluc\u00eda desde el pasado 23 de septiembre y concluye en la jornada de hoy. En su primera edici\u00f3n, esta campa\u00f1a ha llegado a m\u00e1s de 160 municipios incluyendo todas las localidades firmantes del Convenio Marco sobre el reciclaje de Residuos de Pilas y Acumuladores. Esto ha supuesto un alcance de 6,5 millones de personas, el 77,4% de la poblaci\u00f3n andaluza.<\/p>\n\n\n\n<p>La campa\u00f1a, que tambi\u00e9n ha estado presente en las 9 universidades p\u00fablicas andaluzas a trav\u00e9s de visitas en sus campus universitarios, ha llevado a cabo 310 acciones de streetmarketing para dar a conocer las ventajas medioambientales, sociales y econ\u00f3micas de la correcta gesti\u00f3n de este tipo de residuos. Adem\u00e1s, de cara a fomentar la adhesi\u00f3n de municipios andaluces al Convenio Marco la iniciativa ha contado con 8 jornadas informativas en todas las capitales de provincia andaluzas dirigidas a t\u00e9cnicos municipales y supramunicipales dedicados a la gesti\u00f3n medioambiental o de residuos.<\/p>\n\n\n\n<p>\u2018Una Pila de Razones\u2019 est\u00e1 promovida por la <strong>Consejer\u00eda de Sostenibilidad y Medio Ambiente de la Junta de Andaluc\u00eda <\/strong>y la <strong>Federaci\u00f3n Andaluza de Municipios y Provincias (FAMP)<\/strong> con el apoyo de los Sistemas Colectivos de Responsabilidad Ampliada del Productor (SCRAP) que operan en la comunidad aut\u00f3noma, <strong>Ecopilas, European Recycling Platform Espa\u00f1a y Ecolec.<\/strong><\/p>\n\n\n\n<p><strong>Visitas a municipios y a universidades<\/strong><\/p>\n\n\n\n<p>Los informadores ambientales han estado presentes <strong>en 160 municipios<\/strong> informando a sus habitantes <strong>de 10:00 a 14:00 y de 16:00 a 20:00<\/strong>. De esta forma se han instalado puntos informativos para informar y animar a los ciudadanos a reciclar sus residuos de pilas y acumuladores. Para facilitar el reciclaje de estos residuos han repartido durante la campa\u00f1a m\u00e1s de <strong>50.000 mini contenedores<\/strong>.<\/p>\n\n\n\n<p>Adem\u00e1s, entre sus objetivos tambi\u00e9n ha estado <strong>alcanzar al p\u00fablico joven<\/strong> y de esta manera la campa\u00f1a ha estado presente en los <strong>campus de las 9 universidades p\u00fablicas andaluzas<\/strong> con un total de 27 acciones dirigidas exclusivamente al p\u00fablico universitario.<\/p>\n\n\n\n<p><strong>Recicla tus Pilas Andaluc\u00eda<\/strong><\/p>\n\n\n\n<p>Recicla tus pilas Andaluc\u00eda\u2019 tiene por objeto <strong>impulsar el reciclaje de pilas y acumuladores en nuestra comunidad aut\u00f3noma<\/strong>. Est\u00e1 impulsado por la Consejer\u00eda de Sostenibilidad y Medio Ambiente de la Junta de Andaluc\u00eda, la Federaci\u00f3n Andaluza de Municipios y Provincias (FAMP) y con el apoyo de los Sistemas Colectivos de Responsabilidad Ampliada del Productor (SCRAP) que operan en la comunidad aut\u00f3noma y que son Ecolec, Ecopilas y ERP Espa\u00f1a. Tenemos un claro compromiso con el medio ambiente.<\/p>\n\n\n\n<p>El objetivo de \u2018Recicla tus pilas Andaluc\u00eda\u2019 es <strong>concienciar sobre la importancia de la correcta gesti\u00f3n de RPA (residuos de pilas y acumuladores) para la sociedad<\/strong>. A trav\u00e9s de la normativa vigente se busca prevenir la generaci\u00f3n de RPA, facilitar su recogida selectiva y su correcto tratamiento y reciclaje, con la finalidad de reducir al m\u00ednimo su peligrosidad y de evitar la eliminaci\u00f3n de las pilas, acumuladores y bater\u00edas usados en el flujo de residuos urbanos no seleccionados, as\u00ed como minorizar la peligrosidad de sus componentes e incrementar la recogida selectiva y respetuosa con el medio ambiente.<\/p>\n\n\n\n<p><\/p>\n","protected":false},"excerpt":{"rendered":"<p>La campa\u00f1a \u2018Una Pila de Razones\u2019 ha clausurado hoy su primera edici\u00f3n en Benalm\u00e1dena. El acto se ha presentado hoy en la localidad malague\u00f1a con la presencia del delegado territorial [&hellip;]<\/p>\n","protected":false},"author":1,"featured_media":2183,"comment_status":"closed","ping_status":"closed","sticky":false,"template":"","format":"standard","meta":{"_genesis_hide_title":false,"_genesis_hide_breadcrumbs":false,"_genesis_hide_singular_image":false,"_genesis_hide_footer_widgets":false,"_genesis_custom_body_class":"","_genesis_custom_post_class":"","_genesis_layout":"","_EventAllDay":false,"_EventTimezone":"","_EventStartDate":"","_EventEndDate":"","_EventStartDateUTC":"","_EventEndDateUTC":"","_EventShowMap":false,"_EventShowMapLink":false,"_EventURL":"","_EventCost":"","_EventCostDescription":"","_EventCurrencySymbol":"","_EventCurrencyCode":"","_EventCurrencyPosition":"","_EventDateTimeSeparator":"","_EventTimeRangeSeparator":"","_EventOrganizerID":[],"_EventVenueID":[],"_OrganizerEmail":"","_OrganizerPhone":"","_OrganizerWebsite":"","_VenueAddress":"","_VenueCity":"","_VenueCountry":"","_VenueProvince":"","_VenueState":"","_VenueZip":"","_VenuePhone":"","_VenueURL":"","_VenueStateProvince":"","_VenueLat":"","_VenueLng":"","_VenueShowMap":false,"_VenueShowMapLink":false,"footnotes":""},"categories":[5],"tags":[],"class_list":["post-2182","post","type-post","status-publish","format-standard","has-post-thumbnail","category-actualidad","entry","one-third"],"yoast_head":"<!-- This site is optimized with the Yoast SEO plugin v26.2 - https:\/\/yoast.com\/wordpress\/plugins\/seo\/ -->\n<title>La campa\u00f1a \u2018Una Pila de Razones\u2019 clausura en Benalm\u00e1dena su primera edici\u00f3n con el objetivo de concienciar sobre la importancia del reciclaje de los residuos de pilas y acumuladores - Una Pila de Razones<\/title>\n<meta name=\"description\" content=\"La campa\u00f1a \u2018Una Pila de Razones\u2019 ha clausurado su primera edici\u00f3n en Benalm\u00e1dena con el objetivo de concienciar a la ciudadan\u00eda sobre la importancia del reciclaje de los RPA.\" \/>\n<meta name=\"robots\" content=\"index, follow, max-snippet:-1, max-image-preview:large, max-video-preview:-1\" \/>\n<link rel=\"canonical\" href=\"https:\/\/reciclatuspilas.com\/unapiladerazones\/actualidad\/la-campana-una-pila-de-razones-clausura-en-benalmadena-su-primera-edicion-con-el-objetivo-de-concienciar-sobre-la-importancia-del-reciclaje-de-los-residuos-de-pilas-y-acumuladores\/\" \/>\n<meta property=\"og:locale\" content=\"es_ES\" \/>\n<meta property=\"og:type\" content=\"article\" \/>\n<meta property=\"og:title\" content=\"La campa\u00f1a \u2018Una Pila de Razones\u2019 clausura en Benalm\u00e1dena su primera edici\u00f3n con el objetivo de concienciar sobre la importancia del reciclaje de los residuos de pilas y acumuladores - Una Pila de Razones\" \/>\n<meta property=\"og:description\" content=\"La campa\u00f1a \u2018Una Pila de Razones\u2019 ha clausurado su primera edici\u00f3n en Benalm\u00e1dena con el objetivo de concienciar a la ciudadan\u00eda sobre la importancia del reciclaje de los RPA.\" \/>\n<meta property=\"og:url\" content=\"https:\/\/reciclatuspilas.com\/unapiladerazones\/actualidad\/la-campana-una-pila-de-razones-clausura-en-benalmadena-su-primera-edicion-con-el-objetivo-de-concienciar-sobre-la-importancia-del-reciclaje-de-los-residuos-de-pilas-y-acumuladores\/\" \/>\n<meta property=\"og:site_name\" content=\"Una Pila de Razones\" \/>\n<meta property=\"article:publisher\" content=\"https:\/\/www.facebook.com\/ReciclatuspilasAndalucia\" \/>\n<meta property=\"article:published_time\" content=\"2024-11-15T13:04:50+00:00\" \/>\n<meta property=\"article:modified_time\" content=\"2024-11-15T13:04:51+00:00\" \/>\n<meta property=\"og:image\" content=\"https:\/\/reciclatuspilas.com\/unapiladerazones\/wp-content\/uploads\/2024\/11\/Foto-Benalmadena-Reciclatuspilas-15112024-1-scaled.jpg\" \/>\n\t<meta property=\"og:image:width\" content=\"2560\" \/>\n\t<meta property=\"og:image:height\" content=\"1707\" \/>\n\t<meta property=\"og:image:type\" content=\"image\/jpeg\" \/>\n<meta name=\"author\" content=\"Administrador\" \/>\n<meta name=\"twitter:card\" content=\"summary_large_image\" \/>\n<meta name=\"twitter:creator\" content=\"@ReciclaPilasAnd\" \/>\n<meta name=\"twitter:site\" content=\"@ReciclaPilasAnd\" \/>\n<meta name=\"twitter:label1\" content=\"Escrito por\" \/>\n\t<meta name=\"twitter:data1\" content=\"Administrador\" \/>\n\t<meta name=\"twitter:label2\" content=\"Tiempo de lectura\" \/>\n\t<meta name=\"twitter:data2\" content=\"5 minutos\" \/>\n<script type=\"application\/ld+json\" class=\"yoast-schema-graph\">{\"@context\":\"https:\/\/schema.org\",\"@graph\":[{\"@type\":\"Article\",\"@id\":\"https:\/\/reciclatuspilas.com\/unapiladerazones\/actualidad\/la-campana-una-pila-de-razones-clausura-en-benalmadena-su-primera-edicion-con-el-objetivo-de-concienciar-sobre-la-importancia-del-reciclaje-de-los-residuos-de-pilas-y-acumuladores\/#article\",\"isPartOf\":{\"@id\":\"https:\/\/reciclatuspilas.com\/unapiladerazones\/actualidad\/la-campana-una-pila-de-razones-clausura-en-benalmadena-su-primera-edicion-con-el-objetivo-de-concienciar-sobre-la-importancia-del-reciclaje-de-los-residuos-de-pilas-y-acumuladores\/\"},\"author\":{\"name\":\"Administrador\",\"@id\":\"https:\/\/reciclatuspilas.com\/unapiladerazones\/#\/schema\/person\/6e90aa5c686c74b2721014e40b5ad9c7\"},\"headline\":\"La campa\u00f1a \u2018Una Pila de Razones\u2019 clausura en Benalm\u00e1dena su primera edici\u00f3n con el objetivo de concienciar sobre la importancia del reciclaje de los residuos de pilas y acumuladores\",\"datePublished\":\"2024-11-15T13:04:50+00:00\",\"dateModified\":\"2024-11-15T13:04:51+00:00\",\"mainEntityOfPage\":{\"@id\":\"https:\/\/reciclatuspilas.com\/unapiladerazones\/actualidad\/la-campana-una-pila-de-razones-clausura-en-benalmadena-su-primera-edicion-con-el-objetivo-de-concienciar-sobre-la-importancia-del-reciclaje-de-los-residuos-de-pilas-y-acumuladores\/\"},\"wordCount\":999,\"publisher\":{\"@id\":\"https:\/\/reciclatuspilas.com\/unapiladerazones\/#organization\"},\"image\":{\"@id\":\"https:\/\/reciclatuspilas.com\/unapiladerazones\/actualidad\/la-campana-una-pila-de-razones-clausura-en-benalmadena-su-primera-edicion-con-el-objetivo-de-concienciar-sobre-la-importancia-del-reciclaje-de-los-residuos-de-pilas-y-acumuladores\/#primaryimage\"},\"thumbnailUrl\":\"https:\/\/reciclatuspilas.com\/unapiladerazones\/wp-content\/uploads\/2024\/11\/Foto-Benalmadena-Reciclatuspilas-15112024-1-scaled.jpg\",\"articleSection\":[\"Actualidad\"],\"inLanguage\":\"es\"},{\"@type\":\"WebPage\",\"@id\":\"https:\/\/reciclatuspilas.com\/unapiladerazones\/actualidad\/la-campana-una-pila-de-razones-clausura-en-benalmadena-su-primera-edicion-con-el-objetivo-de-concienciar-sobre-la-importancia-del-reciclaje-de-los-residuos-de-pilas-y-acumuladores\/\",\"url\":\"https:\/\/reciclatuspilas.com\/unapiladerazones\/actualidad\/la-campana-una-pila-de-razones-clausura-en-benalmadena-su-primera-edicion-con-el-objetivo-de-concienciar-sobre-la-importancia-del-reciclaje-de-los-residuos-de-pilas-y-acumuladores\/\",\"name\":\"La campa\u00f1a \u2018Una Pila de Razones\u2019 clausura en Benalm\u00e1dena su primera edici\u00f3n con el objetivo de concienciar sobre la importancia del reciclaje de los residuos de pilas y acumuladores - Una Pila de Razones\",\"isPartOf\":{\"@id\":\"https:\/\/reciclatuspilas.com\/unapiladerazones\/#website\"},\"primaryImageOfPage\":{\"@id\":\"https:\/\/reciclatuspilas.com\/unapiladerazones\/actualidad\/la-campana-una-pila-de-razones-clausura-en-benalmadena-su-primera-edicion-con-el-objetivo-de-concienciar-sobre-la-importancia-del-reciclaje-de-los-residuos-de-pilas-y-acumuladores\/#primaryimage\"},\"image\":{\"@id\":\"https:\/\/reciclatuspilas.com\/unapiladerazones\/actualidad\/la-campana-una-pila-de-razones-clausura-en-benalmadena-su-primera-edicion-con-el-objetivo-de-concienciar-sobre-la-importancia-del-reciclaje-de-los-residuos-de-pilas-y-acumuladores\/#primaryimage\"},\"thumbnailUrl\":\"https:\/\/reciclatuspilas.com\/unapiladerazones\/wp-content\/uploads\/2024\/11\/Foto-Benalmadena-Reciclatuspilas-15112024-1-scaled.jpg\",\"datePublished\":\"2024-11-15T13:04:50+00:00\",\"dateModified\":\"2024-11-15T13:04:51+00:00\",\"description\":\"La campa\u00f1a \u2018Una Pila de Razones\u2019 ha clausurado su primera edici\u00f3n en Benalm\u00e1dena con el objetivo de concienciar a la ciudadan\u00eda sobre la importancia del reciclaje de los RPA.\",\"breadcrumb\":{\"@id\":\"https:\/\/reciclatuspilas.com\/unapiladerazones\/actualidad\/la-campana-una-pila-de-razones-clausura-en-benalmadena-su-primera-edicion-con-el-objetivo-de-concienciar-sobre-la-importancia-del-reciclaje-de-los-residuos-de-pilas-y-acumuladores\/#breadcrumb\"},\"inLanguage\":\"es\",\"potentialAction\":[{\"@type\":\"ReadAction\",\"target\":[\"https:\/\/reciclatuspilas.com\/unapiladerazones\/actualidad\/la-campana-una-pila-de-razones-clausura-en-benalmadena-su-primera-edicion-con-el-objetivo-de-concienciar-sobre-la-importancia-del-reciclaje-de-los-residuos-de-pilas-y-acumuladores\/\"]}]},{\"@type\":\"ImageObject\",\"inLanguage\":\"es\",\"@id\":\"https:\/\/reciclatuspilas.com\/unapiladerazones\/actualidad\/la-campana-una-pila-de-razones-clausura-en-benalmadena-su-primera-edicion-con-el-objetivo-de-concienciar-sobre-la-importancia-del-reciclaje-de-los-residuos-de-pilas-y-acumuladores\/#primaryimage\",\"url\":\"https:\/\/reciclatuspilas.com\/unapiladerazones\/wp-content\/uploads\/2024\/11\/Foto-Benalmadena-Reciclatuspilas-15112024-1-scaled.jpg\",\"contentUrl\":\"https:\/\/reciclatuspilas.com\/unapiladerazones\/wp-content\/uploads\/2024\/11\/Foto-Benalmadena-Reciclatuspilas-15112024-1-scaled.jpg\",\"width\":2560,\"height\":1707},{\"@type\":\"BreadcrumbList\",\"@id\":\"https:\/\/reciclatuspilas.com\/unapiladerazones\/actualidad\/la-campana-una-pila-de-razones-clausura-en-benalmadena-su-primera-edicion-con-el-objetivo-de-concienciar-sobre-la-importancia-del-reciclaje-de-los-residuos-de-pilas-y-acumuladores\/#breadcrumb\",\"itemListElement\":[{\"@type\":\"ListItem\",\"position\":1,\"name\":\"Portada\",\"item\":\"https:\/\/reciclatuspilas.com\/unapiladerazones\/\"},{\"@type\":\"ListItem\",\"position\":2,\"name\":\"La campa\u00f1a \u2018Una Pila de Razones\u2019 clausura en Benalm\u00e1dena su primera edici\u00f3n con el objetivo de concienciar sobre la importancia del reciclaje de los residuos de pilas y acumuladores\"}]},{\"@type\":\"WebSite\",\"@id\":\"https:\/\/reciclatuspilas.com\/unapiladerazones\/#website\",\"url\":\"https:\/\/reciclatuspilas.com\/unapiladerazones\/\",\"name\":\"Una Pila de Razones\",\"description\":\"Recicla Tus Pilas Andaluc\u00eda\",\"publisher\":{\"@id\":\"https:\/\/reciclatuspilas.com\/unapiladerazones\/#organization\"},\"potentialAction\":[{\"@type\":\"SearchAction\",\"target\":{\"@type\":\"EntryPoint\",\"urlTemplate\":\"https:\/\/reciclatuspilas.com\/unapiladerazones\/?s={search_term_string}\"},\"query-input\":{\"@type\":\"PropertyValueSpecification\",\"valueRequired\":true,\"valueName\":\"search_term_string\"}}],\"inLanguage\":\"es\"},{\"@type\":\"Organization\",\"@id\":\"https:\/\/reciclatuspilas.com\/unapiladerazones\/#organization\",\"name\":\"Una Pila de Razones\",\"url\":\"https:\/\/reciclatuspilas.com\/unapiladerazones\/\",\"logo\":{\"@type\":\"ImageObject\",\"inLanguage\":\"es\",\"@id\":\"https:\/\/reciclatuspilas.com\/unapiladerazones\/#\/schema\/logo\/image\/\",\"url\":\"https:\/\/reciclatuspilas.com\/unapiladerazones\/wp-content\/uploads\/2024\/07\/main-title-blue.svg\",\"contentUrl\":\"https:\/\/reciclatuspilas.com\/unapiladerazones\/wp-content\/uploads\/2024\/07\/main-title-blue.svg\",\"width\":1,\"height\":1,\"caption\":\"Una Pila de Razones\"},\"image\":{\"@id\":\"https:\/\/reciclatuspilas.com\/unapiladerazones\/#\/schema\/logo\/image\/\"},\"sameAs\":[\"https:\/\/www.facebook.com\/ReciclatuspilasAndalucia\",\"https:\/\/x.com\/ReciclaPilasAnd\",\"https:\/\/www.instagram.com\/reciclatuspilasandalucia\",\"https:\/\/www.linkedin.com\/company\/19140274\",\"https:\/\/www.youtube.com\/channel\/UCKufkPoVxtZ0YNca9GgLTZQ\"]},{\"@type\":\"Person\",\"@id\":\"https:\/\/reciclatuspilas.com\/unapiladerazones\/#\/schema\/person\/6e90aa5c686c74b2721014e40b5ad9c7\",\"name\":\"Administrador\",\"sameAs\":[\"https:\/\/reciclatuspilas.com\/unapiladerazones\"],\"url\":\"https:\/\/reciclatuspilas.com\/unapiladerazones\/author\/administrador\/\"}]}<\/script>\n<!-- \/ Yoast SEO plugin. -->","yoast_head_json":{"title":"La campa\u00f1a \u2018Una Pila de Razones\u2019 clausura en Benalm\u00e1dena su primera edici\u00f3n con el objetivo de concienciar sobre la importancia del reciclaje de los residuos de pilas y acumuladores - Una Pila de Razones","description":"La campa\u00f1a \u2018Una Pila de Razones\u2019 ha clausurado su primera edici\u00f3n en Benalm\u00e1dena con el objetivo de concienciar a la ciudadan\u00eda sobre la importancia del reciclaje de los RPA.","robots":{"index":"index","follow":"follow","max-snippet":"max-snippet:-1","max-image-preview":"max-image-preview:large","max-video-preview":"max-video-preview:-1"},"canonical":"https:\/\/reciclatuspilas.com\/unapiladerazones\/actualidad\/la-campana-una-pila-de-razones-clausura-en-benalmadena-su-primera-edicion-con-el-objetivo-de-concienciar-sobre-la-importancia-del-reciclaje-de-los-residuos-de-pilas-y-acumuladores\/","og_locale":"es_ES","og_type":"article","og_title":"La campa\u00f1a \u2018Una Pila de Razones\u2019 clausura en Benalm\u00e1dena su primera edici\u00f3n con el objetivo de concienciar sobre la importancia del reciclaje de los residuos de pilas y acumuladores - Una Pila de Razones","og_description":"La campa\u00f1a \u2018Una Pila de Razones\u2019 ha clausurado su primera edici\u00f3n en Benalm\u00e1dena con el objetivo de concienciar a la ciudadan\u00eda sobre la importancia del reciclaje de los RPA.","og_url":"https:\/\/reciclatuspilas.com\/unapiladerazones\/actualidad\/la-campana-una-pila-de-razones-clausura-en-benalmadena-su-primera-edicion-con-el-objetivo-de-concienciar-sobre-la-importancia-del-reciclaje-de-los-residuos-de-pilas-y-acumuladores\/","og_site_name":"Una Pila de Razones","article_publisher":"https:\/\/www.facebook.com\/ReciclatuspilasAndalucia","article_published_time":"2024-11-15T13:04:50+00:00","article_modified_time":"2024-11-15T13:04:51+00:00","og_image":[{"width":2560,"height":1707,"url":"https:\/\/reciclatuspilas.com\/unapiladerazones\/wp-content\/uploads\/2024\/11\/Foto-Benalmadena-Reciclatuspilas-15112024-1-scaled.jpg","type":"image\/jpeg"}],"author":"Administrador","twitter_card":"summary_large_image","twitter_creator":"@ReciclaPilasAnd","twitter_site":"@ReciclaPilasAnd","twitter_misc":{"Escrito por":"Administrador","Tiempo de lectura":"5 minutos"},"schema":{"@context":"https:\/\/schema.org","@graph":[{"@type":"Article","@id":"https:\/\/reciclatuspilas.com\/unapiladerazones\/actualidad\/la-campana-una-pila-de-razones-clausura-en-benalmadena-su-primera-edicion-con-el-objetivo-de-concienciar-sobre-la-importancia-del-reciclaje-de-los-residuos-de-pilas-y-acumuladores\/#article","isPartOf":{"@id":"https:\/\/reciclatuspilas.com\/unapiladerazones\/actualidad\/la-campana-una-pila-de-razones-clausura-en-benalmadena-su-primera-edicion-con-el-objetivo-de-concienciar-sobre-la-importancia-del-reciclaje-de-los-residuos-de-pilas-y-acumuladores\/"},"author":{"name":"Administrador","@id":"https:\/\/reciclatuspilas.com\/unapiladerazones\/#\/schema\/person\/6e90aa5c686c74b2721014e40b5ad9c7"},"headline":"La campa\u00f1a \u2018Una Pila de Razones\u2019 clausura en Benalm\u00e1dena su primera edici\u00f3n con el objetivo de concienciar sobre la importancia del reciclaje de los residuos de pilas y acumuladores","datePublished":"2024-11-15T13:04:50+00:00","dateModified":"2024-11-15T13:04:51+00:00","mainEntityOfPage":{"@id":"https:\/\/reciclatuspilas.com\/unapiladerazones\/actualidad\/la-campana-una-pila-de-razones-clausura-en-benalmadena-su-primera-edicion-con-el-objetivo-de-concienciar-sobre-la-importancia-del-reciclaje-de-los-residuos-de-pilas-y-acumuladores\/"},"wordCount":999,"publisher":{"@id":"https:\/\/reciclatuspilas.com\/unapiladerazones\/#organization"},"image":{"@id":"https:\/\/reciclatuspilas.com\/unapiladerazones\/actualidad\/la-campana-una-pila-de-razones-clausura-en-benalmadena-su-primera-edicion-con-el-objetivo-de-concienciar-sobre-la-importancia-del-reciclaje-de-los-residuos-de-pilas-y-acumuladores\/#primaryimage"},"thumbnailUrl":"https:\/\/reciclatuspilas.com\/unapiladerazones\/wp-content\/uploads\/2024\/11\/Foto-Benalmadena-Reciclatuspilas-15112024-1-scaled.jpg","articleSection":["Actualidad"],"inLanguage":"es"},{"@type":"WebPage","@id":"https:\/\/reciclatuspilas.com\/unapiladerazones\/actualidad\/la-campana-una-pila-de-razones-clausura-en-benalmadena-su-primera-edicion-con-el-objetivo-de-concienciar-sobre-la-importancia-del-reciclaje-de-los-residuos-de-pilas-y-acumuladores\/","url":"https:\/\/reciclatuspilas.com\/unapiladerazones\/actualidad\/la-campana-una-pila-de-razones-clausura-en-benalmadena-su-primera-edicion-con-el-objetivo-de-concienciar-sobre-la-importancia-del-reciclaje-de-los-residuos-de-pilas-y-acumuladores\/","name":"La campa\u00f1a \u2018Una Pila de Razones\u2019 clausura en Benalm\u00e1dena su primera edici\u00f3n con el objetivo de concienciar sobre la importancia del reciclaje de los residuos de pilas y acumuladores - Una Pila de Razones","isPartOf":{"@id":"https:\/\/reciclatuspilas.com\/unapiladerazones\/#website"},"primaryImageOfPage":{"@id":"https:\/\/reciclatuspilas.com\/unapiladerazones\/actualidad\/la-campana-una-pila-de-razones-clausura-en-benalmadena-su-primera-edicion-con-el-objetivo-de-concienciar-sobre-la-importancia-del-reciclaje-de-los-residuos-de-pilas-y-acumuladores\/#primaryimage"},"image":{"@id":"https:\/\/reciclatuspilas.com\/unapiladerazones\/actualidad\/la-campana-una-pila-de-razones-clausura-en-benalmadena-su-primera-edicion-con-el-objetivo-de-concienciar-sobre-la-importancia-del-reciclaje-de-los-residuos-de-pilas-y-acumuladores\/#primaryimage"},"thumbnailUrl":"https:\/\/reciclatuspilas.com\/unapiladerazones\/wp-content\/uploads\/2024\/11\/Foto-Benalmadena-Reciclatuspilas-15112024-1-scaled.jpg","datePublished":"2024-11-15T13:04:50+00:00","dateModified":"2024-11-15T13:04:51+00:00","description":"La campa\u00f1a \u2018Una Pila de Razones\u2019 ha clausurado su primera edici\u00f3n en Benalm\u00e1dena con el objetivo de concienciar a la ciudadan\u00eda sobre la importancia del reciclaje de los RPA.","breadcrumb":{"@id":"https:\/\/reciclatuspilas.com\/unapiladerazones\/actualidad\/la-campana-una-pila-de-razones-clausura-en-benalmadena-su-primera-edicion-con-el-objetivo-de-concienciar-sobre-la-importancia-del-reciclaje-de-los-residuos-de-pilas-y-acumuladores\/#breadcrumb"},"inLanguage":"es","potentialAction":[{"@type":"ReadAction","target":["https:\/\/reciclatuspilas.com\/unapiladerazones\/actualidad\/la-campana-una-pila-de-razones-clausura-en-benalmadena-su-primera-edicion-con-el-objetivo-de-concienciar-sobre-la-importancia-del-reciclaje-de-los-residuos-de-pilas-y-acumuladores\/"]}]},{"@type":"ImageObject","inLanguage":"es","@id":"https:\/\/reciclatuspilas.com\/unapiladerazones\/actualidad\/la-campana-una-pila-de-razones-clausura-en-benalmadena-su-primera-edicion-con-el-objetivo-de-concienciar-sobre-la-importancia-del-reciclaje-de-los-residuos-de-pilas-y-acumuladores\/#primaryimage","url":"https:\/\/reciclatuspilas.com\/unapiladerazones\/wp-content\/uploads\/2024\/11\/Foto-Benalmadena-Reciclatuspilas-15112024-1-scaled.jpg","contentUrl":"https:\/\/reciclatuspilas.com\/unapiladerazones\/wp-content\/uploads\/2024\/11\/Foto-Benalmadena-Reciclatuspilas-15112024-1-scaled.jpg","width":2560,"height":1707},{"@type":"BreadcrumbList","@id":"https:\/\/reciclatuspilas.com\/unapiladerazones\/actualidad\/la-campana-una-pila-de-razones-clausura-en-benalmadena-su-primera-edicion-con-el-objetivo-de-concienciar-sobre-la-importancia-del-reciclaje-de-los-residuos-de-pilas-y-acumuladores\/#breadcrumb","itemListElement":[{"@type":"ListItem","position":1,"name":"Portada","item":"https:\/\/reciclatuspilas.com\/unapiladerazones\/"},{"@type":"ListItem","position":2,"name":"La campa\u00f1a \u2018Una Pila de Razones\u2019 clausura en Benalm\u00e1dena su primera edici\u00f3n con el objetivo de concienciar sobre la importancia del reciclaje de los residuos de pilas y acumuladores"}]},{"@type":"WebSite","@id":"https:\/\/reciclatuspilas.com\/unapiladerazones\/#website","url":"https:\/\/reciclatuspilas.com\/unapiladerazones\/","name":"Una Pila de Razones","description":"Recicla Tus Pilas Andaluc\u00eda","publisher":{"@id":"https:\/\/reciclatuspilas.com\/unapiladerazones\/#organization"},"potentialAction":[{"@type":"SearchAction","target":{"@type":"EntryPoint","urlTemplate":"https:\/\/reciclatuspilas.com\/unapiladerazones\/?s={search_term_string}"},"query-input":{"@type":"PropertyValueSpecification","valueRequired":true,"valueName":"search_term_string"}}],"inLanguage":"es"},{"@type":"Organization","@id":"https:\/\/reciclatuspilas.com\/unapiladerazones\/#organization","name":"Una Pila de Razones","url":"https:\/\/reciclatuspilas.com\/unapiladerazones\/","logo":{"@type":"ImageObject","inLanguage":"es","@id":"https:\/\/reciclatuspilas.com\/unapiladerazones\/#\/schema\/logo\/image\/","url":"https:\/\/reciclatuspilas.com\/unapiladerazones\/wp-content\/uploads\/2024\/07\/main-title-blue.svg","contentUrl":"https:\/\/reciclatuspilas.com\/unapiladerazones\/wp-content\/uploads\/2024\/07\/main-title-blue.svg","width":1,"height":1,"caption":"Una Pila de Razones"},"image":{"@id":"https:\/\/reciclatuspilas.com\/unapiladerazones\/#\/schema\/logo\/image\/"},"sameAs":["https:\/\/www.facebook.com\/ReciclatuspilasAndalucia","https:\/\/x.com\/ReciclaPilasAnd","https:\/\/www.instagram.com\/reciclatuspilasandalucia","https:\/\/www.linkedin.com\/company\/19140274","https:\/\/www.youtube.com\/channel\/UCKufkPoVxtZ0YNca9GgLTZQ"]},{"@type":"Person","@id":"https:\/\/reciclatuspilas.com\/unapiladerazones\/#\/schema\/person\/6e90aa5c686c74b2721014e40b5ad9c7","name":"Administrador","sameAs":["https:\/\/reciclatuspilas.com\/unapiladerazones"],"url":"https:\/\/reciclatuspilas.com\/unapiladerazones\/author\/administrador\/"}]}},"featured_image_src":"https:\/\/reciclatuspilas.com\/unapiladerazones\/wp-content\/uploads\/2024\/11\/Foto-Benalmadena-Reciclatuspilas-15112024-1-600x400.jpg","featured_image_src_square":"https:\/\/reciclatuspilas.com\/unapiladerazones\/wp-content\/uploads\/2024\/11\/Foto-Benalmadena-Reciclatuspilas-15112024-1-600x600.jpg","author_info":{"display_name":"Administrador","author_link":"https:\/\/reciclatuspilas.com\/unapiladerazones\/author\/administrador\/"},"_links":{"self":[{"href":"https:\/\/reciclatuspilas.com\/unapiladerazones\/wp-json\/wp\/v2\/posts\/2182","targetHints":{"allow":["GET"]}}],"collection":[{"href":"https:\/\/reciclatuspilas.com\/unapiladerazones\/wp-json\/wp\/v2\/posts"}],"about":[{"href":"https:\/\/reciclatuspilas.com\/unapiladerazones\/wp-json\/wp\/v2\/types\/post"}],"author":[{"embeddable":true,"href":"https:\/\/reciclatuspilas.com\/unapiladerazones\/wp-json\/wp\/v2\/users\/1"}],"replies":[{"embeddable":true,"href":"https:\/\/reciclatuspilas.com\/unapiladerazones\/wp-json\/wp\/v2\/comments?post=2182"}],"version-history":[{"count":1,"href":"https:\/\/reciclatuspilas.com\/unapiladerazones\/wp-json\/wp\/v2\/posts\/2182\/revisions"}],"predecessor-version":[{"id":2184,"href":"https:\/\/reciclatuspilas.com\/unapiladerazones\/wp-json\/wp\/v2\/posts\/2182\/revisions\/2184"}],"wp:featuredmedia":[{"embeddable":true,"href":"https:\/\/reciclatuspilas.com\/unapiladerazones\/wp-json\/wp\/v2\/media\/2183"}],"wp:attachment":[{"href":"https:\/\/reciclatuspilas.com\/unapiladerazones\/wp-json\/wp\/v2\/media?parent=2182"}],"wp:term":[{"taxonomy":"category","embeddable":true,"href":"https:\/\/reciclatuspilas.com\/unapiladerazones\/wp-json\/wp\/v2\/categories?post=2182"},{"taxonomy":"post_tag","embeddable":true,"href":"https:\/\/reciclatuspilas.com\/unapiladerazones\/wp-json\/wp\/v2\/tags?post=2182"}],"curies":[{"name":"wp","href":"https:\/\/api.w.org\/{rel}","templated":true}]}}