{"id":1606,"date":"2024-09-23T14:10:55","date_gmt":"2024-09-23T12:10:55","guid":{"rendered":"https:\/\/reciclatuspilas.com\/unapiladerazones\/?p=1606"},"modified":"2024-09-23T14:10:56","modified_gmt":"2024-09-23T12:10:56","slug":"campana-una-pila-de-razones-llegara-municipios-andaluces","status":"publish","type":"post","link":"https:\/\/reciclatuspilas.com\/unapiladerazones\/actualidad\/campana-una-pila-de-razones-llegara-municipios-andaluces\/","title":{"rendered":"La campa\u00f1a \u2018Una Pila de Razones\u2019 llegar\u00e1 a m\u00e1s de 160 municipios andaluces para concienciar sobre la importancia del reciclaje de los residuos de pilas y acumuladores"},"content":{"rendered":"\n<p>La campa\u00f1a <a href=\"https:\/\/reciclatuspilas.com\/unapiladerazones\/\">\u2018Una Pila de Razones\u2019<\/a> arranca en Sevilla con el objetivo de concienciar hasta el pr\u00f3ximo 15 de noviembre a toda la ciudadan\u00eda andaluza sobre la importancia del reciclaje de los <strong>Residuos de Pilas y Acumuladores (RPA).<\/strong> En su primera edici\u00f3n la iniciativa, que contar\u00e1 con rutas en las ocho provincias andaluzas, llegar\u00e1 a <strong>m\u00e1s de 160 municipios<\/strong> incluyendo todas las localidades firmantes del Convenio Marco sobre el reciclaje de Residuos de Pilas y Acumuladores. Esto supondr\u00e1 un alcance de <strong>6,5 millones de personas, el 77,4% de la poblaci\u00f3n andaluza<\/strong>.<\/p>\n\n\n\n<figure class=\"wp-block-image size-full\"><img loading=\"lazy\" decoding=\"async\" width=\"720\" height=\"480\" src=\"https:\/\/reciclatuspilas.com\/unapiladerazones\/wp-content\/uploads\/2024\/09\/IMG_5410.jpg\" alt=\"\" class=\"wp-image-1607\" srcset=\"https:\/\/reciclatuspilas.com\/unapiladerazones\/wp-content\/uploads\/2024\/09\/IMG_5410.jpg 720w, https:\/\/reciclatuspilas.com\/unapiladerazones\/wp-content\/uploads\/2024\/09\/IMG_5410-600x400.jpg 600w\" sizes=\"auto, (max-width: 720px) 100vw, 720px\" \/><\/figure>\n\n\n\n<p>La campa\u00f1a, que tambi\u00e9n estar\u00e1 presente en <strong>las 9 universidades p\u00fablicas andaluzas<\/strong> a trav\u00e9s de visitas en sus campus universitarios, <strong>llevar\u00e1 a cabo 310 acciones de streetmarketing<\/strong> para dar a conocer las ventajas medioambientales, sociales y econ\u00f3micas de la correcta gesti\u00f3n de este tipo de residuos. Adem\u00e1s, de cara a fomentar la adhesi\u00f3n de municipios andaluces al Convenio Marco la iniciativa contar\u00e1 con <strong>8 jornadas informativas <\/strong>en todas las capitales de provincia andaluzas dirigidas a <strong>t\u00e9cnicos municipales y supramunicipales<\/strong> dedicados a la gesti\u00f3n medioambiental o de residuos.<\/p>\n\n\n\n<p>Para apoyar este trabajo a pie de calle en muchas localidades andaluzas, la campa\u00f1a ir\u00e1 apoyada por un <strong>intenso plan de medios<\/strong> a nivel regional con presencia en radio, televisi\u00f3n, digital, redes sociales y publicidad exterior.<\/p>\n\n\n\n<p>\u2018Una Pila de Razones\u2019 est\u00e1 promovida por la <strong>Consejer\u00eda de Sostenibilidad y Medio Ambiente de la Junta de Andaluc\u00eda <\/strong>y la <strong>Federaci\u00f3n Andaluza de Municipios y Provincias (FAMP)<\/strong> con el apoyo de los Sistemas Colectivos de Responsabilidad Ampliada del Productor (SCRAP) que operan en la comunidad aut\u00f3noma, <strong>Ecolec, Ecopilas y ERP.<\/strong><\/p>\n\n\n\n<h4 class=\"wp-block-heading\"><strong>Arranque de la campa\u00f1a<\/strong><\/h4>\n\n\n\n<p>La iniciativa ha sido presentada esta ma\u00f1ana en la Plaza de la Encarnaci\u00f3n, de Sevilla capital, y a ella han asistido la <strong>delegada territorial de Sostenibilidad y Medio Ambiente <\/strong>de la Junta de Andaluc\u00eda en Sevilla, Inmaculada Gallardo; el coordinador general de la Federaci\u00f3n Andaluza de Municipios y Provincias <strong>(FAMP)<\/strong>, Diego Jordano L\u00f3pez; el director general de <strong>Ecolec Waste Hub<\/strong>, Luis Moreno; la directora general de <strong>ERP-Espa\u00f1a<\/strong>, Laura Alonso; y el director de Marketing y Eventos de <strong>Recyclia<\/strong>, Julio Lema.<\/p>\n\n\n\n<p>La delegada territorial, ha se\u00f1alado que \u201cuno de los grandes problemas ambientales es la <strong>falta de recursos naturales<\/strong>\u201d por lo que ha resaltado la importancia de \u201chacer una reutilizaci\u00f3n y un reciclaje adecuado de este tipo de residuos que son <strong>bastante contaminantes<\/strong>\u201d. El coordinador general de la FAMP ha destacado que esta campa\u00f1a es \u201c<strong>important\u00edsima<\/strong>, en la que hay que concienciar a la poblaci\u00f3n de la recogida de pilas\u201d.<\/p>\n\n\n\n<p>El director general de Ecoelc Waste Hub ha resaltado la importancia de informar a los consumidores qu\u00e9 tienen que hacer con sus pilas ya que es \u201calgo fundamental para <strong>proteger el medio ambiente<\/strong>, para no contaminar el agua y el suelo\u201d. Por su parte, la directora general de ERP-Espa\u00f1a ha confiado en que todas las acciones que se van a llevar a cabo en los municipios \u201csirvan para acercar un poquito m\u00e1s el mundo del <strong>reciclaje a los consumidores <\/strong>y, entre todos, consigamos mejorar los h\u00e1bitos\u201d. Por \u00faltimo, el director de Marketing y Eventos de Recyclia ha destacado lo <strong>\u201cambiciosa\u201d <\/strong>que es la campa\u00f1a y ha a\u00f1adido la importancia que tiene que la poblaci\u00f3n \u201cconozca los beneficios del reciclaje\u201d.<\/p>\n\n\n\n<h4 class=\"wp-block-heading\"><strong>#UnaPiladeRazones informar\u00e1 sobre las ventajas del reciclaje y el Convenio Marco<\/strong><\/h4>\n\n\n\n<p>La campa\u00f1a que se mostrar\u00e1 activa en redes sociales a trav\u00e9s del hashtag <strong>#UnaPiladeRazones<\/strong>, incidir\u00e1 en la <strong>importancia de reciclar los residuos de pilas y acumuladores<\/strong> (RPA) separadamente como de sus derechos como consumidores, as\u00ed como de prevenir la generaci\u00f3n de este tipo de residuos facilitando su recogida selectiva y su correcto tratamiento para el reciclaje.<\/p>\n\n\n\n<p>Otro de los objetivos de \u2018Una Pila de Razones\u2019 ser\u00e1 <strong>incrementar el conocimiento del Convenio Marco entre las Entidades Locales y ayuntamientos<\/strong> y su personal, trasladando a estos que es una herramienta que ayuda tanto a las propias entidades locales como a la ciudadan\u00eda a cumplir sus responsabilidades en cuanto a la gesti\u00f3n de este tipo de residuos.<\/p>\n\n\n\n<h4 class=\"wp-block-heading\"><strong>Visitas a municipios y a universidades<\/strong><\/h4>\n\n\n\n<p>Los informadores ambientales estar\u00e1n presentes <strong>en 160 municipios<\/strong> informando a sus habitantes <strong>de 10:00 a 14:00 y de 16:00 a 20:00<\/strong>. De esta forma se instalar\u00e1n puntos informativos para informar y animar a los ciudadanos a reciclar sus residuos de pilas y acumuladores. Para facilitar el reciclaje de estos residuos se repartir\u00e1n durante la campa\u00f1a m\u00e1s de <strong>50.000 mini contenedores<\/strong>.<\/p>\n\n\n\n<p>Adem\u00e1s, entre sus objetivos tambi\u00e9n se encuentra <strong>alcanzar al p\u00fablico joven<\/strong> y de esta manera la campa\u00f1a estar\u00e1 presente en los <strong>campus de las 9 universidades p\u00fablicas andaluzas<\/strong> con un total de 27 acciones dirigidas exclusivamente al p\u00fablico universitario.<\/p>\n\n\n\n<h4 class=\"wp-block-heading\"><strong>Recicla tus Pilas Andaluc\u00eda<\/strong><\/h4>\n\n\n\n<p>Recicla tus pilas Andaluc\u00eda\u2019 tiene por objeto <strong>impulsar el reciclaje de pilas y acumuladores en nuestra comunidad aut\u00f3noma<\/strong>. Est\u00e1 impulsado por la Consejer\u00eda de Sostenibilidad y Medio Ambiente de la Junta de Andaluc\u00eda, la Federaci\u00f3n Andaluza de Municipios y Provincias (FAMP) y con el apoyo de los Sistemas Colectivos de Responsabilidad Ampliada del Productor (SCRAP) que operan en la comunidad aut\u00f3noma y que son Ecolec, Ecopilas y ERP Espa\u00f1a. Tenemos un claro compromiso con el medio ambiente.<\/p>\n\n\n\n<p>El objetivo de \u2018Recicla tus pilas Andaluc\u00eda\u2019 es <strong>concienciar sobre la importancia de la correcta gesti\u00f3n de RPA (residuos de pilas y acumuladores) para la sociedad<\/strong>. A trav\u00e9s de la normativa vigente se busca prevenir la generaci\u00f3n de RPA, facilitar su recogida selectiva y su correcto tratamiento y reciclaje, con la finalidad de reducir al m\u00ednimo su peligrosidad y de evitar la eliminaci\u00f3n de las pilas, acumuladores y bater\u00edas usados en el flujo de residuos urbanos no seleccionados, as\u00ed como minorizar la peligrosidad de sus componentes e incrementar la recogida selectiva y respetuosa con el medio ambiente.<\/p>\n\n\n\n<p><\/p>\n","protected":false},"excerpt":{"rendered":"<p>La campa\u00f1a \u2018Una Pila de Razones\u2019 arranca en Sevilla con el objetivo de concienciar hasta el pr\u00f3ximo 15 de noviembre a toda la ciudadan\u00eda andaluza sobre la importancia del reciclaje [&hellip;]<\/p>\n","protected":false},"author":1,"featured_media":1607,"comment_status":"closed","ping_status":"closed","sticky":false,"template":"","format":"standard","meta":{"_genesis_hide_title":false,"_genesis_hide_breadcrumbs":false,"_genesis_hide_singular_image":false,"_genesis_hide_footer_widgets":false,"_genesis_custom_body_class":"","_genesis_custom_post_class":"","_genesis_layout":"","_EventAllDay":false,"_EventTimezone":"","_EventStartDate":"","_EventEndDate":"","_EventStartDateUTC":"","_EventEndDateUTC":"","_EventShowMap":false,"_EventShowMapLink":false,"_EventURL":"","_EventCost":"","_EventCostDescription":"","_EventCurrencySymbol":"","_EventCurrencyCode":"","_EventCurrencyPosition":"","_EventDateTimeSeparator":"","_EventTimeRangeSeparator":"","_EventOrganizerID":[],"_EventVenueID":[],"_OrganizerEmail":"","_OrganizerPhone":"","_OrganizerWebsite":"","_VenueAddress":"","_VenueCity":"","_VenueCountry":"","_VenueProvince":"","_VenueState":"","_VenueZip":"","_VenuePhone":"","_VenueURL":"","_VenueStateProvince":"","_VenueLat":"","_VenueLng":"","_VenueShowMap":false,"_VenueShowMapLink":false,"footnotes":""},"categories":[5],"tags":[],"class_list":["post-1606","post","type-post","status-publish","format-standard","has-post-thumbnail","category-actualidad","entry","one-third"],"yoast_head":"<!-- This site is optimized with the Yoast SEO plugin v26.2 - https:\/\/yoast.com\/wordpress\/plugins\/seo\/ -->\n<title>La campa\u00f1a \u2018Una Pila de Razones\u2019 llegar\u00e1 a m\u00e1s de 160 municipios andaluces<\/title>\n<meta name=\"description\" content=\"La campa\u00f1a \u2018Una Pila de Razones\u2019 llegar\u00e1 a m\u00e1s de 160 municipios andaluces para concienciar sobre la importancia del reciclaje de los residuos de pilas y acumuladores\" \/>\n<meta name=\"robots\" content=\"index, follow, max-snippet:-1, max-image-preview:large, max-video-preview:-1\" \/>\n<link rel=\"canonical\" href=\"https:\/\/reciclatuspilas.com\/unapiladerazones\/actualidad\/campana-una-pila-de-razones-llegara-municipios-andaluces\/\" \/>\n<meta property=\"og:locale\" content=\"es_ES\" \/>\n<meta property=\"og:type\" content=\"article\" \/>\n<meta property=\"og:title\" content=\"La campa\u00f1a \u2018Una Pila de Razones\u2019 llegar\u00e1 a m\u00e1s de 160 municipios andaluces\" \/>\n<meta property=\"og:description\" content=\"La campa\u00f1a \u2018Una Pila de Razones\u2019 llegar\u00e1 a m\u00e1s de 160 municipios andaluces para concienciar sobre la importancia del reciclaje de los residuos de pilas y acumuladores\" \/>\n<meta property=\"og:url\" content=\"https:\/\/reciclatuspilas.com\/unapiladerazones\/actualidad\/campana-una-pila-de-razones-llegara-municipios-andaluces\/\" \/>\n<meta property=\"og:site_name\" content=\"Una Pila de Razones\" \/>\n<meta property=\"article:publisher\" content=\"https:\/\/www.facebook.com\/ReciclatuspilasAndalucia\" \/>\n<meta property=\"article:published_time\" content=\"2024-09-23T12:10:55+00:00\" \/>\n<meta property=\"article:modified_time\" content=\"2024-09-23T12:10:56+00:00\" \/>\n<meta property=\"og:image\" content=\"https:\/\/reciclatuspilas.com\/unapiladerazones\/wp-content\/uploads\/2024\/09\/IMG_5410.jpg\" \/>\n\t<meta property=\"og:image:width\" content=\"720\" \/>\n\t<meta property=\"og:image:height\" content=\"480\" \/>\n\t<meta property=\"og:image:type\" content=\"image\/jpeg\" \/>\n<meta name=\"author\" content=\"Administrador\" \/>\n<meta name=\"twitter:card\" content=\"summary_large_image\" \/>\n<meta name=\"twitter:creator\" content=\"@ReciclaPilasAnd\" \/>\n<meta name=\"twitter:site\" content=\"@ReciclaPilasAnd\" \/>\n<meta name=\"twitter:label1\" content=\"Escrito por\" \/>\n\t<meta name=\"twitter:data1\" content=\"Administrador\" \/>\n\t<meta name=\"twitter:label2\" content=\"Tiempo de lectura\" \/>\n\t<meta name=\"twitter:data2\" content=\"5 minutos\" \/>\n<script type=\"application\/ld+json\" class=\"yoast-schema-graph\">{\"@context\":\"https:\/\/schema.org\",\"@graph\":[{\"@type\":\"Article\",\"@id\":\"https:\/\/reciclatuspilas.com\/unapiladerazones\/actualidad\/campana-una-pila-de-razones-llegara-municipios-andaluces\/#article\",\"isPartOf\":{\"@id\":\"https:\/\/reciclatuspilas.com\/unapiladerazones\/actualidad\/campana-una-pila-de-razones-llegara-municipios-andaluces\/\"},\"author\":{\"name\":\"Administrador\",\"@id\":\"https:\/\/reciclatuspilas.com\/unapiladerazones\/#\/schema\/person\/6e90aa5c686c74b2721014e40b5ad9c7\"},\"headline\":\"La campa\u00f1a \u2018Una Pila de Razones\u2019 llegar\u00e1 a m\u00e1s de 160 municipios andaluces para concienciar sobre la importancia del reciclaje de los residuos de pilas y acumuladores\",\"datePublished\":\"2024-09-23T12:10:55+00:00\",\"dateModified\":\"2024-09-23T12:10:56+00:00\",\"mainEntityOfPage\":{\"@id\":\"https:\/\/reciclatuspilas.com\/unapiladerazones\/actualidad\/campana-una-pila-de-razones-llegara-municipios-andaluces\/\"},\"wordCount\":1029,\"publisher\":{\"@id\":\"https:\/\/reciclatuspilas.com\/unapiladerazones\/#organization\"},\"image\":{\"@id\":\"https:\/\/reciclatuspilas.com\/unapiladerazones\/actualidad\/campana-una-pila-de-razones-llegara-municipios-andaluces\/#primaryimage\"},\"thumbnailUrl\":\"https:\/\/reciclatuspilas.com\/unapiladerazones\/wp-content\/uploads\/2024\/09\/IMG_5410.jpg\",\"articleSection\":[\"Actualidad\"],\"inLanguage\":\"es\"},{\"@type\":\"WebPage\",\"@id\":\"https:\/\/reciclatuspilas.com\/unapiladerazones\/actualidad\/campana-una-pila-de-razones-llegara-municipios-andaluces\/\",\"url\":\"https:\/\/reciclatuspilas.com\/unapiladerazones\/actualidad\/campana-una-pila-de-razones-llegara-municipios-andaluces\/\",\"name\":\"La campa\u00f1a \u2018Una Pila de Razones\u2019 llegar\u00e1 a m\u00e1s de 160 municipios andaluces\",\"isPartOf\":{\"@id\":\"https:\/\/reciclatuspilas.com\/unapiladerazones\/#website\"},\"primaryImageOfPage\":{\"@id\":\"https:\/\/reciclatuspilas.com\/unapiladerazones\/actualidad\/campana-una-pila-de-razones-llegara-municipios-andaluces\/#primaryimage\"},\"image\":{\"@id\":\"https:\/\/reciclatuspilas.com\/unapiladerazones\/actualidad\/campana-una-pila-de-razones-llegara-municipios-andaluces\/#primaryimage\"},\"thumbnailUrl\":\"https:\/\/reciclatuspilas.com\/unapiladerazones\/wp-content\/uploads\/2024\/09\/IMG_5410.jpg\",\"datePublished\":\"2024-09-23T12:10:55+00:00\",\"dateModified\":\"2024-09-23T12:10:56+00:00\",\"description\":\"La campa\u00f1a \u2018Una Pila de Razones\u2019 llegar\u00e1 a m\u00e1s de 160 municipios andaluces para concienciar sobre la importancia del reciclaje de los residuos de pilas y acumuladores\",\"breadcrumb\":{\"@id\":\"https:\/\/reciclatuspilas.com\/unapiladerazones\/actualidad\/campana-una-pila-de-razones-llegara-municipios-andaluces\/#breadcrumb\"},\"inLanguage\":\"es\",\"potentialAction\":[{\"@type\":\"ReadAction\",\"target\":[\"https:\/\/reciclatuspilas.com\/unapiladerazones\/actualidad\/campana-una-pila-de-razones-llegara-municipios-andaluces\/\"]}]},{\"@type\":\"ImageObject\",\"inLanguage\":\"es\",\"@id\":\"https:\/\/reciclatuspilas.com\/unapiladerazones\/actualidad\/campana-una-pila-de-razones-llegara-municipios-andaluces\/#primaryimage\",\"url\":\"https:\/\/reciclatuspilas.com\/unapiladerazones\/wp-content\/uploads\/2024\/09\/IMG_5410.jpg\",\"contentUrl\":\"https:\/\/reciclatuspilas.com\/unapiladerazones\/wp-content\/uploads\/2024\/09\/IMG_5410.jpg\",\"width\":720,\"height\":480},{\"@type\":\"BreadcrumbList\",\"@id\":\"https:\/\/reciclatuspilas.com\/unapiladerazones\/actualidad\/campana-una-pila-de-razones-llegara-municipios-andaluces\/#breadcrumb\",\"itemListElement\":[{\"@type\":\"ListItem\",\"position\":1,\"name\":\"Portada\",\"item\":\"https:\/\/reciclatuspilas.com\/unapiladerazones\/\"},{\"@type\":\"ListItem\",\"position\":2,\"name\":\"La campa\u00f1a \u2018Una Pila de Razones\u2019 llegar\u00e1 a m\u00e1s de 160 municipios andaluces para concienciar sobre la importancia del reciclaje de los residuos de pilas y acumuladores\"}]},{\"@type\":\"WebSite\",\"@id\":\"https:\/\/reciclatuspilas.com\/unapiladerazones\/#website\",\"url\":\"https:\/\/reciclatuspilas.com\/unapiladerazones\/\",\"name\":\"Una Pila de Razones\",\"description\":\"Recicla Tus Pilas Andaluc\u00eda\",\"publisher\":{\"@id\":\"https:\/\/reciclatuspilas.com\/unapiladerazones\/#organization\"},\"potentialAction\":[{\"@type\":\"SearchAction\",\"target\":{\"@type\":\"EntryPoint\",\"urlTemplate\":\"https:\/\/reciclatuspilas.com\/unapiladerazones\/?s={search_term_string}\"},\"query-input\":{\"@type\":\"PropertyValueSpecification\",\"valueRequired\":true,\"valueName\":\"search_term_string\"}}],\"inLanguage\":\"es\"},{\"@type\":\"Organization\",\"@id\":\"https:\/\/reciclatuspilas.com\/unapiladerazones\/#organization\",\"name\":\"Una Pila de Razones\",\"url\":\"https:\/\/reciclatuspilas.com\/unapiladerazones\/\",\"logo\":{\"@type\":\"ImageObject\",\"inLanguage\":\"es\",\"@id\":\"https:\/\/reciclatuspilas.com\/unapiladerazones\/#\/schema\/logo\/image\/\",\"url\":\"https:\/\/reciclatuspilas.com\/unapiladerazones\/wp-content\/uploads\/2024\/07\/main-title-blue.svg\",\"contentUrl\":\"https:\/\/reciclatuspilas.com\/unapiladerazones\/wp-content\/uploads\/2024\/07\/main-title-blue.svg\",\"width\":1,\"height\":1,\"caption\":\"Una Pila de Razones\"},\"image\":{\"@id\":\"https:\/\/reciclatuspilas.com\/unapiladerazones\/#\/schema\/logo\/image\/\"},\"sameAs\":[\"https:\/\/www.facebook.com\/ReciclatuspilasAndalucia\",\"https:\/\/x.com\/ReciclaPilasAnd\",\"https:\/\/www.instagram.com\/reciclatuspilasandalucia\",\"https:\/\/www.linkedin.com\/company\/19140274\",\"https:\/\/www.youtube.com\/channel\/UCKufkPoVxtZ0YNca9GgLTZQ\"]},{\"@type\":\"Person\",\"@id\":\"https:\/\/reciclatuspilas.com\/unapiladerazones\/#\/schema\/person\/6e90aa5c686c74b2721014e40b5ad9c7\",\"name\":\"Administrador\",\"sameAs\":[\"https:\/\/reciclatuspilas.com\/unapiladerazones\"],\"url\":\"https:\/\/reciclatuspilas.com\/unapiladerazones\/author\/administrador\/\"}]}<\/script>\n<!-- \/ Yoast SEO plugin. -->","yoast_head_json":{"title":"La campa\u00f1a \u2018Una Pila de Razones\u2019 llegar\u00e1 a m\u00e1s de 160 municipios andaluces","description":"La campa\u00f1a \u2018Una Pila de Razones\u2019 llegar\u00e1 a m\u00e1s de 160 municipios andaluces para concienciar sobre la importancia del reciclaje de los residuos de pilas y acumuladores","robots":{"index":"index","follow":"follow","max-snippet":"max-snippet:-1","max-image-preview":"max-image-preview:large","max-video-preview":"max-video-preview:-1"},"canonical":"https:\/\/reciclatuspilas.com\/unapiladerazones\/actualidad\/campana-una-pila-de-razones-llegara-municipios-andaluces\/","og_locale":"es_ES","og_type":"article","og_title":"La campa\u00f1a \u2018Una Pila de Razones\u2019 llegar\u00e1 a m\u00e1s de 160 municipios andaluces","og_description":"La campa\u00f1a \u2018Una Pila de Razones\u2019 llegar\u00e1 a m\u00e1s de 160 municipios andaluces para concienciar sobre la importancia del reciclaje de los residuos de pilas y acumuladores","og_url":"https:\/\/reciclatuspilas.com\/unapiladerazones\/actualidad\/campana-una-pila-de-razones-llegara-municipios-andaluces\/","og_site_name":"Una Pila de Razones","article_publisher":"https:\/\/www.facebook.com\/ReciclatuspilasAndalucia","article_published_time":"2024-09-23T12:10:55+00:00","article_modified_time":"2024-09-23T12:10:56+00:00","og_image":[{"width":720,"height":480,"url":"https:\/\/reciclatuspilas.com\/unapiladerazones\/wp-content\/uploads\/2024\/09\/IMG_5410.jpg","type":"image\/jpeg"}],"author":"Administrador","twitter_card":"summary_large_image","twitter_creator":"@ReciclaPilasAnd","twitter_site":"@ReciclaPilasAnd","twitter_misc":{"Escrito por":"Administrador","Tiempo de lectura":"5 minutos"},"schema":{"@context":"https:\/\/schema.org","@graph":[{"@type":"Article","@id":"https:\/\/reciclatuspilas.com\/unapiladerazones\/actualidad\/campana-una-pila-de-razones-llegara-municipios-andaluces\/#article","isPartOf":{"@id":"https:\/\/reciclatuspilas.com\/unapiladerazones\/actualidad\/campana-una-pila-de-razones-llegara-municipios-andaluces\/"},"author":{"name":"Administrador","@id":"https:\/\/reciclatuspilas.com\/unapiladerazones\/#\/schema\/person\/6e90aa5c686c74b2721014e40b5ad9c7"},"headline":"La campa\u00f1a \u2018Una Pila de Razones\u2019 llegar\u00e1 a m\u00e1s de 160 municipios andaluces para concienciar sobre la importancia del reciclaje de los residuos de pilas y acumuladores","datePublished":"2024-09-23T12:10:55+00:00","dateModified":"2024-09-23T12:10:56+00:00","mainEntityOfPage":{"@id":"https:\/\/reciclatuspilas.com\/unapiladerazones\/actualidad\/campana-una-pila-de-razones-llegara-municipios-andaluces\/"},"wordCount":1029,"publisher":{"@id":"https:\/\/reciclatuspilas.com\/unapiladerazones\/#organization"},"image":{"@id":"https:\/\/reciclatuspilas.com\/unapiladerazones\/actualidad\/campana-una-pila-de-razones-llegara-municipios-andaluces\/#primaryimage"},"thumbnailUrl":"https:\/\/reciclatuspilas.com\/unapiladerazones\/wp-content\/uploads\/2024\/09\/IMG_5410.jpg","articleSection":["Actualidad"],"inLanguage":"es"},{"@type":"WebPage","@id":"https:\/\/reciclatuspilas.com\/unapiladerazones\/actualidad\/campana-una-pila-de-razones-llegara-municipios-andaluces\/","url":"https:\/\/reciclatuspilas.com\/unapiladerazones\/actualidad\/campana-una-pila-de-razones-llegara-municipios-andaluces\/","name":"La campa\u00f1a \u2018Una Pila de Razones\u2019 llegar\u00e1 a m\u00e1s de 160 municipios andaluces","isPartOf":{"@id":"https:\/\/reciclatuspilas.com\/unapiladerazones\/#website"},"primaryImageOfPage":{"@id":"https:\/\/reciclatuspilas.com\/unapiladerazones\/actualidad\/campana-una-pila-de-razones-llegara-municipios-andaluces\/#primaryimage"},"image":{"@id":"https:\/\/reciclatuspilas.com\/unapiladerazones\/actualidad\/campana-una-pila-de-razones-llegara-municipios-andaluces\/#primaryimage"},"thumbnailUrl":"https:\/\/reciclatuspilas.com\/unapiladerazones\/wp-content\/uploads\/2024\/09\/IMG_5410.jpg","datePublished":"2024-09-23T12:10:55+00:00","dateModified":"2024-09-23T12:10:56+00:00","description":"La campa\u00f1a \u2018Una Pila de Razones\u2019 llegar\u00e1 a m\u00e1s de 160 municipios andaluces para concienciar sobre la importancia del reciclaje de los residuos de pilas y acumuladores","breadcrumb":{"@id":"https:\/\/reciclatuspilas.com\/unapiladerazones\/actualidad\/campana-una-pila-de-razones-llegara-municipios-andaluces\/#breadcrumb"},"inLanguage":"es","potentialAction":[{"@type":"ReadAction","target":["https:\/\/reciclatuspilas.com\/unapiladerazones\/actualidad\/campana-una-pila-de-razones-llegara-municipios-andaluces\/"]}]},{"@type":"ImageObject","inLanguage":"es","@id":"https:\/\/reciclatuspilas.com\/unapiladerazones\/actualidad\/campana-una-pila-de-razones-llegara-municipios-andaluces\/#primaryimage","url":"https:\/\/reciclatuspilas.com\/unapiladerazones\/wp-content\/uploads\/2024\/09\/IMG_5410.jpg","contentUrl":"https:\/\/reciclatuspilas.com\/unapiladerazones\/wp-content\/uploads\/2024\/09\/IMG_5410.jpg","width":720,"height":480},{"@type":"BreadcrumbList","@id":"https:\/\/reciclatuspilas.com\/unapiladerazones\/actualidad\/campana-una-pila-de-razones-llegara-municipios-andaluces\/#breadcrumb","itemListElement":[{"@type":"ListItem","position":1,"name":"Portada","item":"https:\/\/reciclatuspilas.com\/unapiladerazones\/"},{"@type":"ListItem","position":2,"name":"La campa\u00f1a \u2018Una Pila de Razones\u2019 llegar\u00e1 a m\u00e1s de 160 municipios andaluces para concienciar sobre la importancia del reciclaje de los residuos de pilas y acumuladores"}]},{"@type":"WebSite","@id":"https:\/\/reciclatuspilas.com\/unapiladerazones\/#website","url":"https:\/\/reciclatuspilas.com\/unapiladerazones\/","name":"Una Pila de Razones","description":"Recicla Tus Pilas Andaluc\u00eda","publisher":{"@id":"https:\/\/reciclatuspilas.com\/unapiladerazones\/#organization"},"potentialAction":[{"@type":"SearchAction","target":{"@type":"EntryPoint","urlTemplate":"https:\/\/reciclatuspilas.com\/unapiladerazones\/?s={search_term_string}"},"query-input":{"@type":"PropertyValueSpecification","valueRequired":true,"valueName":"search_term_string"}}],"inLanguage":"es"},{"@type":"Organization","@id":"https:\/\/reciclatuspilas.com\/unapiladerazones\/#organization","name":"Una Pila de Razones","url":"https:\/\/reciclatuspilas.com\/unapiladerazones\/","logo":{"@type":"ImageObject","inLanguage":"es","@id":"https:\/\/reciclatuspilas.com\/unapiladerazones\/#\/schema\/logo\/image\/","url":"https:\/\/reciclatuspilas.com\/unapiladerazones\/wp-content\/uploads\/2024\/07\/main-title-blue.svg","contentUrl":"https:\/\/reciclatuspilas.com\/unapiladerazones\/wp-content\/uploads\/2024\/07\/main-title-blue.svg","width":1,"height":1,"caption":"Una Pila de Razones"},"image":{"@id":"https:\/\/reciclatuspilas.com\/unapiladerazones\/#\/schema\/logo\/image\/"},"sameAs":["https:\/\/www.facebook.com\/ReciclatuspilasAndalucia","https:\/\/x.com\/ReciclaPilasAnd","https:\/\/www.instagram.com\/reciclatuspilasandalucia","https:\/\/www.linkedin.com\/company\/19140274","https:\/\/www.youtube.com\/channel\/UCKufkPoVxtZ0YNca9GgLTZQ"]},{"@type":"Person","@id":"https:\/\/reciclatuspilas.com\/unapiladerazones\/#\/schema\/person\/6e90aa5c686c74b2721014e40b5ad9c7","name":"Administrador","sameAs":["https:\/\/reciclatuspilas.com\/unapiladerazones"],"url":"https:\/\/reciclatuspilas.com\/unapiladerazones\/author\/administrador\/"}]}},"featured_image_src":"https:\/\/reciclatuspilas.com\/unapiladerazones\/wp-content\/uploads\/2024\/09\/IMG_5410-600x400.jpg","featured_image_src_square":"https:\/\/reciclatuspilas.com\/unapiladerazones\/wp-content\/uploads\/2024\/09\/IMG_5410-600x480.jpg","author_info":{"display_name":"Administrador","author_link":"https:\/\/reciclatuspilas.com\/unapiladerazones\/author\/administrador\/"},"_links":{"self":[{"href":"https:\/\/reciclatuspilas.com\/unapiladerazones\/wp-json\/wp\/v2\/posts\/1606","targetHints":{"allow":["GET"]}}],"collection":[{"href":"https:\/\/reciclatuspilas.com\/unapiladerazones\/wp-json\/wp\/v2\/posts"}],"about":[{"href":"https:\/\/reciclatuspilas.com\/unapiladerazones\/wp-json\/wp\/v2\/types\/post"}],"author":[{"embeddable":true,"href":"https:\/\/reciclatuspilas.com\/unapiladerazones\/wp-json\/wp\/v2\/users\/1"}],"replies":[{"embeddable":true,"href":"https:\/\/reciclatuspilas.com\/unapiladerazones\/wp-json\/wp\/v2\/comments?post=1606"}],"version-history":[{"count":1,"href":"https:\/\/reciclatuspilas.com\/unapiladerazones\/wp-json\/wp\/v2\/posts\/1606\/revisions"}],"predecessor-version":[{"id":1608,"href":"https:\/\/reciclatuspilas.com\/unapiladerazones\/wp-json\/wp\/v2\/posts\/1606\/revisions\/1608"}],"wp:featuredmedia":[{"embeddable":true,"href":"https:\/\/reciclatuspilas.com\/unapiladerazones\/wp-json\/wp\/v2\/media\/1607"}],"wp:attachment":[{"href":"https:\/\/reciclatuspilas.com\/unapiladerazones\/wp-json\/wp\/v2\/media?parent=1606"}],"wp:term":[{"taxonomy":"category","embeddable":true,"href":"https:\/\/reciclatuspilas.com\/unapiladerazones\/wp-json\/wp\/v2\/categories?post=1606"},{"taxonomy":"post_tag","embeddable":true,"href":"https:\/\/reciclatuspilas.com\/unapiladerazones\/wp-json\/wp\/v2\/tags?post=1606"}],"curies":[{"name":"wp","href":"https:\/\/api.w.org\/{rel}","templated":true}]}}